{"id":101,"date":"2017-11-14T21:09:11","date_gmt":"2017-11-14T20:09:11","guid":{"rendered":"http:\/\/www.iax.es\/axradio\/?p=101"},"modified":"2021-05-25T09:07:28","modified_gmt":"2021-05-25T08:07:28","slug":"especialaxinicia","status":"publish","type":"post","link":"https:\/\/www.iax.es\/axradio\/especialaxinicia\/","title":{"rendered":"Especial #AXinicia"},"content":{"rendered":"<p>Esta tarde tuvo lugar nuestro especial AXinicia, proyecto que naci\u00f3 para dar a conocer iniciativas de estudiantes del IES Alfonso X el Sabio. No te pierdas las entrevistas:<\/p>\n<p><strong>Rebeca P\u00e9rez, concejala de Juventud y Cooperaci\u00f3n al Desarrollo del Ayuntamiento de Murcia, y Andr\u00e9s Nieto, director del IES Alfonso X el Sabio de Murcia<\/strong><\/p>\n<!--[if lt IE 9]><script>document.createElement('audio');<\/script><![endif]-->\n<audio class=\"wp-audio-shortcode\" id=\"audio-101-1\" preload=\"none\" style=\"width: 100%;\" controls=\"controls\"><source type=\"audio\/mpeg\" src=\"http:\/\/www.iax.es\/axradio\/wp-content\/uploads\/sites\/2\/2017\/11\/axradio-e0002-20171114-especialaxinicia-1rebecayandres.mp3?_=1\" \/><a href=\"http:\/\/www.iax.es\/axradio\/wp-content\/uploads\/sites\/2\/2017\/11\/axradio-e0002-20171114-especialaxinicia-1rebecayandres.mp3\">http:\/\/www.iax.es\/axradio\/wp-content\/uploads\/sites\/2\/2017\/11\/axradio-e0002-20171114-especialaxinicia-1rebecayandres.mp3<\/a><\/audio>\n<p><strong>Lara Fern\u00e1ndez, jefa del Departamento de Actividades Extraescolares y Complementarias del IES Alfonso X el Sabio de Murcia<\/strong><\/p>\n<audio class=\"wp-audio-shortcode\" id=\"audio-101-2\" preload=\"none\" style=\"width: 100%;\" controls=\"controls\"><source type=\"audio\/mpeg\" src=\"http:\/\/www.iax.es\/axradio\/wp-content\/uploads\/sites\/2\/2017\/11\/axradio-e0002-20171114-especialaxinicia-2lara.mp3?_=2\" \/><a href=\"http:\/\/www.iax.es\/axradio\/wp-content\/uploads\/sites\/2\/2017\/11\/axradio-e0002-20171114-especialaxinicia-2lara.mp3\">http:\/\/www.iax.es\/axradio\/wp-content\/uploads\/sites\/2\/2017\/11\/axradio-e0002-20171114-especialaxinicia-2lara.mp3<\/a><\/audio>\n<p><strong>Pedro Mart\u00ednez Cavero, jefe de Estudios del Bachillerato nocturno del IES Alfonso X el Sabio<\/strong><\/p>\n<audio class=\"wp-audio-shortcode\" id=\"audio-101-3\" preload=\"none\" style=\"width: 100%;\" controls=\"controls\"><source type=\"audio\/mpeg\" src=\"http:\/\/www.iax.es\/axradio\/wp-content\/uploads\/sites\/2\/2017\/11\/axradio-e0002-20171114-especialaxinicia-3cavero.mp3?_=3\" \/><a href=\"http:\/\/www.iax.es\/axradio\/wp-content\/uploads\/sites\/2\/2017\/11\/axradio-e0002-20171114-especialaxinicia-3cavero.mp3\">http:\/\/www.iax.es\/axradio\/wp-content\/uploads\/sites\/2\/2017\/11\/axradio-e0002-20171114-especialaxinicia-3cavero.mp3<\/a><\/audio>\n<p><strong>Irene Berm\u00fadez y Dani Sabater, estudiantes con iniciativas musicales<\/strong><\/p>\n<audio class=\"wp-audio-shortcode\" id=\"audio-101-4\" preload=\"none\" style=\"width: 100%;\" controls=\"controls\"><source type=\"audio\/mpeg\" src=\"http:\/\/www.iax.es\/axradio\/wp-content\/uploads\/sites\/2\/2017\/11\/axradio-e0002-20171114-especialaxinicia-4ireneydani.mp3?_=4\" \/><a href=\"http:\/\/www.iax.es\/axradio\/wp-content\/uploads\/sites\/2\/2017\/11\/axradio-e0002-20171114-especialaxinicia-4ireneydani.mp3\">http:\/\/www.iax.es\/axradio\/wp-content\/uploads\/sites\/2\/2017\/11\/axradio-e0002-20171114-especialaxinicia-4ireneydani.mp3<\/a><\/audio>\n<p><strong>Ana M. Barba, ordenanza en el IES Alfonso X el Sabio<\/strong><\/p>\n<audio class=\"wp-audio-shortcode\" id=\"audio-101-5\" preload=\"none\" style=\"width: 100%;\" controls=\"controls\"><source type=\"audio\/mpeg\" src=\"http:\/\/www.iax.es\/axradio\/wp-content\/uploads\/sites\/2\/2017\/11\/axradio-e0002-20171114-especialaxinicia-5ana.mp3?_=5\" \/><a href=\"http:\/\/www.iax.es\/axradio\/wp-content\/uploads\/sites\/2\/2017\/11\/axradio-e0002-20171114-especialaxinicia-5ana.mp3\">http:\/\/www.iax.es\/axradio\/wp-content\/uploads\/sites\/2\/2017\/11\/axradio-e0002-20171114-especialaxinicia-5ana.mp3<\/a><\/audio>\n","protected":false},"excerpt":{"rendered":"Esta tarde tuvo lugar nuestro especial AXinicia, proyecto que naci\u00f3 para dar a conocer iniciativas de estudiantes del IES Alfonso X el Sabio. No te pierdas las entrevistas: Rebeca P\u00e9rez, concejala de Juventud y Cooperaci\u00f3n al Desarrollo del Ayuntamiento de Murcia, y Andr\u00e9s Nieto, director del IES Alfonso X el Sabio de Murcia Lara Fern\u00e1ndez, [&hellip;]","protected":false},"author":1,"featured_media":295,"comment_status":"open","ping_status":"open","sticky":false,"template":"","format":"standard","meta":[],"categories":[5,7],"tags":[],"yoast_head":"<!-- This site is optimized with the Yoast SEO plugin v16.6.1 - https:\/\/yoast.com\/wordpress\/plugins\/seo\/ -->\n<title>Especial #AXinicia &ndash; AXRadio<\/title>\n<meta name=\"robots\" content=\"index, follow, max-snippet:-1, max-image-preview:large, max-video-preview:-1\" \/>\n<link rel=\"canonical\" href=\"https:\/\/www.iax.es\/axradio\/especialaxinicia\/\" \/>\n<meta property=\"og:locale\" content=\"es_ES\" \/>\n<meta property=\"og:type\" content=\"article\" \/>\n<meta property=\"og:title\" content=\"Especial #AXinicia &ndash; AXRadio\" \/>\n<meta property=\"og:description\" content=\"Esta tarde tuvo lugar nuestro especial AXinicia, proyecto que naci\u00f3 para dar a conocer iniciativas de estudiantes del IES Alfonso X el Sabio. No te pierdas las entrevistas: Rebeca P\u00e9rez, concejala de Juventud y Cooperaci\u00f3n al Desarrollo del Ayuntamiento de Murcia, y Andr\u00e9s Nieto, director del IES Alfonso X el Sabio de Murcia Lara Fern\u00e1ndez, [&hellip;]\" \/>\n<meta property=\"og:url\" content=\"https:\/\/www.iax.es\/axradio\/especialaxinicia\/\" \/>\n<meta property=\"og:site_name\" content=\"AXRadio\" \/>\n<meta property=\"article:publisher\" content=\"https:\/\/www.facebook.com\/AXRadioES\/\" \/>\n<meta property=\"article:published_time\" content=\"2017-11-14T20:09:11+00:00\" \/>\n<meta property=\"article:modified_time\" content=\"2021-05-25T08:07:28+00:00\" \/>\n<meta property=\"og:image\" content=\"https:\/\/www.iax.es\/axradio\/wp-content\/uploads\/sites\/2\/2017\/11\/DOnanfNXkAIXlZP.jpg\" \/>\n\t<meta property=\"og:image:width\" content=\"1024\" \/>\n\t<meta property=\"og:image:height\" content=\"768\" \/>\n<meta name=\"twitter:card\" content=\"summary_large_image\" \/>\n<meta name=\"twitter:creator\" content=\"@AXRadioES\" \/>\n<meta name=\"twitter:site\" content=\"@AXRadioES\" \/>\n<meta name=\"twitter:label1\" content=\"Tiempo de lectura\" \/>\n\t<meta name=\"twitter:data1\" content=\"1 minuto\" \/>\n<script type=\"application\/ld+json\" class=\"yoast-schema-graph\">{\"@context\":\"https:\/\/schema.org\",\"@graph\":[{\"@type\":\"Organization\",\"@id\":\"https:\/\/www.iax.es\/axradio\/#organization\",\"name\":\"AXRadio\",\"url\":\"https:\/\/www.iax.es\/axradio\/\",\"sameAs\":[\"https:\/\/www.facebook.com\/AXRadioES\/\",\"https:\/\/www.instagram.com\/axradioes\/\",\"https:\/\/twitter.com\/AXRadioES\"],\"logo\":{\"@type\":\"ImageObject\",\"@id\":\"https:\/\/www.iax.es\/axradio\/#logo\",\"inLanguage\":\"es\",\"url\":\"https:\/\/www.iax.es\/axradio\/wp-content\/uploads\/sites\/2\/2017\/12\/logo-axradio-borderapp.png\",\"contentUrl\":\"https:\/\/www.iax.es\/axradio\/wp-content\/uploads\/sites\/2\/2017\/12\/logo-axradio-borderapp.png\",\"width\":260,\"height\":260,\"caption\":\"AXRadio\"},\"image\":{\"@id\":\"https:\/\/www.iax.es\/axradio\/#logo\"}},{\"@type\":\"WebSite\",\"@id\":\"https:\/\/www.iax.es\/axradio\/#website\",\"url\":\"https:\/\/www.iax.es\/axradio\/\",\"name\":\"AXRadio\",\"description\":\"La radio del IES Alfonso X el Sabio de Murcia\",\"publisher\":{\"@id\":\"https:\/\/www.iax.es\/axradio\/#organization\"},\"potentialAction\":[{\"@type\":\"SearchAction\",\"target\":{\"@type\":\"EntryPoint\",\"urlTemplate\":\"https:\/\/www.iax.es\/axradio\/?s={search_term_string}\"},\"query-input\":\"required name=search_term_string\"}],\"inLanguage\":\"es\"},{\"@type\":\"ImageObject\",\"@id\":\"https:\/\/www.iax.es\/axradio\/especialaxinicia\/#primaryimage\",\"inLanguage\":\"es\",\"url\":\"https:\/\/www.iax.es\/axradio\/wp-content\/uploads\/sites\/2\/2017\/11\/DOnanfNXkAIXlZP.jpg\",\"contentUrl\":\"https:\/\/www.iax.es\/axradio\/wp-content\/uploads\/sites\/2\/2017\/11\/DOnanfNXkAIXlZP.jpg\",\"width\":1024,\"height\":768},{\"@type\":\"WebPage\",\"@id\":\"https:\/\/www.iax.es\/axradio\/especialaxinicia\/#webpage\",\"url\":\"https:\/\/www.iax.es\/axradio\/especialaxinicia\/\",\"name\":\"Especial #AXinicia &ndash; AXRadio\",\"isPartOf\":{\"@id\":\"https:\/\/www.iax.es\/axradio\/#website\"},\"primaryImageOfPage\":{\"@id\":\"https:\/\/www.iax.es\/axradio\/especialaxinicia\/#primaryimage\"},\"datePublished\":\"2017-11-14T20:09:11+00:00\",\"dateModified\":\"2021-05-25T08:07:28+00:00\",\"breadcrumb\":{\"@id\":\"https:\/\/www.iax.es\/axradio\/especialaxinicia\/#breadcrumb\"},\"inLanguage\":\"es\",\"potentialAction\":[{\"@type\":\"ReadAction\",\"target\":[\"https:\/\/www.iax.es\/axradio\/especialaxinicia\/\"]}]},{\"@type\":\"BreadcrumbList\",\"@id\":\"https:\/\/www.iax.es\/axradio\/especialaxinicia\/#breadcrumb\",\"itemListElement\":[{\"@type\":\"ListItem\",\"position\":1,\"name\":\"Portada\",\"item\":\"https:\/\/www.iax.es\/axradio\/\"},{\"@type\":\"ListItem\",\"position\":2,\"name\":\"Especial #AXinicia\"}]},{\"@type\":\"Article\",\"@id\":\"https:\/\/www.iax.es\/axradio\/especialaxinicia\/#article\",\"isPartOf\":{\"@id\":\"https:\/\/www.iax.es\/axradio\/especialaxinicia\/#webpage\"},\"author\":{\"@id\":\"https:\/\/www.iax.es\/axradio\/#\/schema\/person\/328103962ca199202ff512a7e2f6358e\"},\"headline\":\"Especial #AXinicia\",\"datePublished\":\"2017-11-14T20:09:11+00:00\",\"dateModified\":\"2021-05-25T08:07:28+00:00\",\"mainEntityOfPage\":{\"@id\":\"https:\/\/www.iax.es\/axradio\/especialaxinicia\/#webpage\"},\"wordCount\":194,\"commentCount\":0,\"publisher\":{\"@id\":\"https:\/\/www.iax.es\/axradio\/#organization\"},\"image\":{\"@id\":\"https:\/\/www.iax.es\/axradio\/especialaxinicia\/#primaryimage\"},\"thumbnailUrl\":\"https:\/\/www.iax.es\/axradio\/wp-content\/uploads\/sites\/2\/2017\/11\/DOnanfNXkAIXlZP.jpg\",\"articleSection\":[\"Especial\",\"Podcasts antiguos\"],\"inLanguage\":\"es\",\"potentialAction\":[{\"@type\":\"CommentAction\",\"name\":\"Comment\",\"target\":[\"https:\/\/www.iax.es\/axradio\/especialaxinicia\/#respond\"]}]},{\"@type\":\"Person\",\"@id\":\"https:\/\/www.iax.es\/axradio\/#\/schema\/person\/328103962ca199202ff512a7e2f6358e\",\"name\":\"Juan\",\"image\":{\"@type\":\"ImageObject\",\"@id\":\"https:\/\/www.iax.es\/axradio\/#personlogo\",\"inLanguage\":\"es\",\"url\":\"https:\/\/secure.gravatar.com\/avatar\/7fee4b84f767b797b608b275eda8a612?s=96&d=mm&r=g\",\"contentUrl\":\"https:\/\/secure.gravatar.com\/avatar\/7fee4b84f767b797b608b275eda8a612?s=96&d=mm&r=g\",\"caption\":\"Juan\"}}]}<\/script>\n<!-- \/ Yoast SEO plugin. -->","_links":{"self":[{"href":"https:\/\/www.iax.es\/axradio\/wp-json\/wp\/v2\/posts\/101"}],"collection":[{"href":"https:\/\/www.iax.es\/axradio\/wp-json\/wp\/v2\/posts"}],"about":[{"href":"https:\/\/www.iax.es\/axradio\/wp-json\/wp\/v2\/types\/post"}],"author":[{"embeddable":true,"href":"https:\/\/www.iax.es\/axradio\/wp-json\/wp\/v2\/users\/1"}],"replies":[{"embeddable":true,"href":"https:\/\/www.iax.es\/axradio\/wp-json\/wp\/v2\/comments?post=101"}],"version-history":[{"count":2,"href":"https:\/\/www.iax.es\/axradio\/wp-json\/wp\/v2\/posts\/101\/revisions"}],"predecessor-version":[{"id":294,"href":"https:\/\/www.iax.es\/axradio\/wp-json\/wp\/v2\/posts\/101\/revisions\/294"}],"wp:featuredmedia":[{"embeddable":true,"href":"https:\/\/www.iax.es\/axradio\/wp-json\/wp\/v2\/media\/295"}],"wp:attachment":[{"href":"https:\/\/www.iax.es\/axradio\/wp-json\/wp\/v2\/media?parent=101"}],"wp:term":[{"taxonomy":"category","embeddable":true,"href":"https:\/\/www.iax.es\/axradio\/wp-json\/wp\/v2\/categories?post=101"},{"taxonomy":"post_tag","embeddable":true,"href":"https:\/\/www.iax.es\/axradio\/wp-json\/wp\/v2\/tags?post=101"}],"curies":[{"name":"wp","href":"https:\/\/api.w.org\/{rel}","templated":true}]}}