{"id":112,"date":"2017-11-17T18:38:37","date_gmt":"2017-11-17T17:38:37","guid":{"rendered":"http:\/\/www.iax.es\/axradio\/?p=112"},"modified":"2021-05-25T09:07:28","modified_gmt":"2021-05-25T08:07:28","slug":"e0003-dia-internacional-del-estudiante","status":"publish","type":"post","link":"https:\/\/www.iax.es\/axradio\/e0003-dia-internacional-del-estudiante\/","title":{"rendered":"Especial del D\u00eda Internacional del Estudiante"},"content":{"rendered":"<p>Entrevistas a Inma S\u00e1nchez y a Nuria Casas<\/p>\n<!--[if lt IE 9]><script>document.createElement('audio');<\/script><![endif]-->\n<audio class=\"wp-audio-shortcode\" id=\"audio-112-1\" preload=\"none\" style=\"width: 100%;\" controls=\"controls\"><source type=\"audio\/mpeg\" src=\"http:\/\/www.iax.es\/axradio\/wp-content\/uploads\/sites\/2\/2017\/11\/axradio-e0003-20171117-especialestudiantes-inmaynuria.mp3?_=1\" \/><a href=\"http:\/\/www.iax.es\/axradio\/wp-content\/uploads\/sites\/2\/2017\/11\/axradio-e0003-20171117-especialestudiantes-inmaynuria.mp3\">http:\/\/www.iax.es\/axradio\/wp-content\/uploads\/sites\/2\/2017\/11\/axradio-e0003-20171117-especialestudiantes-inmaynuria.mp3<\/a><\/audio>\n<p>Entrevistas a Jos\u00e9 Mero\u00f1o y a Rafael Olmos<\/p>\n<audio class=\"wp-audio-shortcode\" id=\"audio-112-2\" preload=\"none\" style=\"width: 100%;\" controls=\"controls\"><source type=\"audio\/mpeg\" src=\"http:\/\/www.iax.es\/axradio\/wp-content\/uploads\/sites\/2\/2017\/11\/axradio-e0003-20171117-especialestudiantes-joseyrafa.mp3?_=2\" \/><a href=\"http:\/\/www.iax.es\/axradio\/wp-content\/uploads\/sites\/2\/2017\/11\/axradio-e0003-20171117-especialestudiantes-joseyrafa.mp3\">http:\/\/www.iax.es\/axradio\/wp-content\/uploads\/sites\/2\/2017\/11\/axradio-e0003-20171117-especialestudiantes-joseyrafa.mp3<\/a><\/audio>\n<p>Felicitaci\u00f3n especial a Juan Carri\u00f3n por su 18 cumplea\u00f1os<\/p>\n<audio class=\"wp-audio-shortcode\" id=\"audio-112-3\" preload=\"none\" style=\"width: 100%;\" controls=\"controls\"><source type=\"audio\/mpeg\" src=\"http:\/\/www.iax.es\/axradio\/wp-content\/uploads\/sites\/2\/2017\/11\/axradio-e0003-20171117-especialestudiantes-felicitacionjuan.mp3?_=3\" \/><a href=\"http:\/\/www.iax.es\/axradio\/wp-content\/uploads\/sites\/2\/2017\/11\/axradio-e0003-20171117-especialestudiantes-felicitacionjuan.mp3\">http:\/\/www.iax.es\/axradio\/wp-content\/uploads\/sites\/2\/2017\/11\/axradio-e0003-20171117-especialestudiantes-felicitacionjuan.mp3<\/a><\/audio>\n","protected":false},"excerpt":{"rendered":"Entrevistas a Inma S\u00e1nchez y a Nuria Casas Entrevistas a Jos\u00e9 Mero\u00f1o y a Rafael Olmos Felicitaci\u00f3n especial a Juan Carri\u00f3n por su 18 cumplea\u00f1os","protected":false},"author":1,"featured_media":299,"comment_status":"open","ping_status":"open","sticky":false,"template":"","format":"standard","meta":[],"categories":[5,7],"tags":[],"yoast_head":"<!-- This site is optimized with the Yoast SEO plugin v16.6.1 - https:\/\/yoast.com\/wordpress\/plugins\/seo\/ -->\n<title>Especial del D\u00eda Internacional del Estudiante &ndash; AXRadio<\/title>\n<meta name=\"robots\" content=\"index, follow, max-snippet:-1, max-image-preview:large, max-video-preview:-1\" \/>\n<link rel=\"canonical\" href=\"https:\/\/www.iax.es\/axradio\/e0003-dia-internacional-del-estudiante\/\" \/>\n<meta property=\"og:locale\" content=\"es_ES\" \/>\n<meta property=\"og:type\" content=\"article\" \/>\n<meta property=\"og:title\" content=\"Especial del D\u00eda Internacional del Estudiante &ndash; AXRadio\" \/>\n<meta property=\"og:description\" content=\"Entrevistas a Inma S\u00e1nchez y a Nuria Casas Entrevistas a Jos\u00e9 Mero\u00f1o y a Rafael Olmos Felicitaci\u00f3n especial a Juan Carri\u00f3n por su 18 cumplea\u00f1os\" \/>\n<meta property=\"og:url\" content=\"https:\/\/www.iax.es\/axradio\/e0003-dia-internacional-del-estudiante\/\" \/>\n<meta property=\"og:site_name\" content=\"AXRadio\" \/>\n<meta property=\"article:publisher\" content=\"https:\/\/www.facebook.com\/AXRadioES\/\" \/>\n<meta property=\"article:published_time\" content=\"2017-11-17T17:38:37+00:00\" \/>\n<meta property=\"article:modified_time\" content=\"2021-05-25T08:07:28+00:00\" \/>\n<meta property=\"og:image\" content=\"https:\/\/www.iax.es\/axradio\/wp-content\/uploads\/sites\/2\/2017\/11\/DO1o4m_W0AAh7JU.jpg\" \/>\n\t<meta property=\"og:image:width\" content=\"1024\" \/>\n\t<meta property=\"og:image:height\" content=\"768\" \/>\n<meta name=\"twitter:card\" content=\"summary_large_image\" \/>\n<meta name=\"twitter:creator\" content=\"@AXRadioES\" \/>\n<meta name=\"twitter:site\" content=\"@AXRadioES\" \/>\n<script type=\"application\/ld+json\" class=\"yoast-schema-graph\">{\"@context\":\"https:\/\/schema.org\",\"@graph\":[{\"@type\":\"Organization\",\"@id\":\"https:\/\/www.iax.es\/axradio\/#organization\",\"name\":\"AXRadio\",\"url\":\"https:\/\/www.iax.es\/axradio\/\",\"sameAs\":[\"https:\/\/www.facebook.com\/AXRadioES\/\",\"https:\/\/www.instagram.com\/axradioes\/\",\"https:\/\/twitter.com\/AXRadioES\"],\"logo\":{\"@type\":\"ImageObject\",\"@id\":\"https:\/\/www.iax.es\/axradio\/#logo\",\"inLanguage\":\"es\",\"url\":\"https:\/\/www.iax.es\/axradio\/wp-content\/uploads\/sites\/2\/2017\/12\/logo-axradio-borderapp.png\",\"contentUrl\":\"https:\/\/www.iax.es\/axradio\/wp-content\/uploads\/sites\/2\/2017\/12\/logo-axradio-borderapp.png\",\"width\":260,\"height\":260,\"caption\":\"AXRadio\"},\"image\":{\"@id\":\"https:\/\/www.iax.es\/axradio\/#logo\"}},{\"@type\":\"WebSite\",\"@id\":\"https:\/\/www.iax.es\/axradio\/#website\",\"url\":\"https:\/\/www.iax.es\/axradio\/\",\"name\":\"AXRadio\",\"description\":\"La radio del IES Alfonso X el Sabio de Murcia\",\"publisher\":{\"@id\":\"https:\/\/www.iax.es\/axradio\/#organization\"},\"potentialAction\":[{\"@type\":\"SearchAction\",\"target\":{\"@type\":\"EntryPoint\",\"urlTemplate\":\"https:\/\/www.iax.es\/axradio\/?s={search_term_string}\"},\"query-input\":\"required name=search_term_string\"}],\"inLanguage\":\"es\"},{\"@type\":\"ImageObject\",\"@id\":\"https:\/\/www.iax.es\/axradio\/e0003-dia-internacional-del-estudiante\/#primaryimage\",\"inLanguage\":\"es\",\"url\":\"https:\/\/www.iax.es\/axradio\/wp-content\/uploads\/sites\/2\/2017\/11\/DO1o4m_W0AAh7JU.jpg\",\"contentUrl\":\"https:\/\/www.iax.es\/axradio\/wp-content\/uploads\/sites\/2\/2017\/11\/DO1o4m_W0AAh7JU.jpg\",\"width\":1024,\"height\":768},{\"@type\":\"WebPage\",\"@id\":\"https:\/\/www.iax.es\/axradio\/e0003-dia-internacional-del-estudiante\/#webpage\",\"url\":\"https:\/\/www.iax.es\/axradio\/e0003-dia-internacional-del-estudiante\/\",\"name\":\"Especial del D\\u00eda Internacional del Estudiante &ndash; AXRadio\",\"isPartOf\":{\"@id\":\"https:\/\/www.iax.es\/axradio\/#website\"},\"primaryImageOfPage\":{\"@id\":\"https:\/\/www.iax.es\/axradio\/e0003-dia-internacional-del-estudiante\/#primaryimage\"},\"datePublished\":\"2017-11-17T17:38:37+00:00\",\"dateModified\":\"2021-05-25T08:07:28+00:00\",\"breadcrumb\":{\"@id\":\"https:\/\/www.iax.es\/axradio\/e0003-dia-internacional-del-estudiante\/#breadcrumb\"},\"inLanguage\":\"es\",\"potentialAction\":[{\"@type\":\"ReadAction\",\"target\":[\"https:\/\/www.iax.es\/axradio\/e0003-dia-internacional-del-estudiante\/\"]}]},{\"@type\":\"BreadcrumbList\",\"@id\":\"https:\/\/www.iax.es\/axradio\/e0003-dia-internacional-del-estudiante\/#breadcrumb\",\"itemListElement\":[{\"@type\":\"ListItem\",\"position\":1,\"name\":\"Portada\",\"item\":\"https:\/\/www.iax.es\/axradio\/\"},{\"@type\":\"ListItem\",\"position\":2,\"name\":\"Especial del D\\u00eda Internacional del Estudiante\"}]},{\"@type\":\"Article\",\"@id\":\"https:\/\/www.iax.es\/axradio\/e0003-dia-internacional-del-estudiante\/#article\",\"isPartOf\":{\"@id\":\"https:\/\/www.iax.es\/axradio\/e0003-dia-internacional-del-estudiante\/#webpage\"},\"author\":{\"@id\":\"https:\/\/www.iax.es\/axradio\/#\/schema\/person\/328103962ca199202ff512a7e2f6358e\"},\"headline\":\"Especial del D\\u00eda Internacional del Estudiante\",\"datePublished\":\"2017-11-17T17:38:37+00:00\",\"dateModified\":\"2021-05-25T08:07:28+00:00\",\"mainEntityOfPage\":{\"@id\":\"https:\/\/www.iax.es\/axradio\/e0003-dia-internacional-del-estudiante\/#webpage\"},\"wordCount\":81,\"commentCount\":0,\"publisher\":{\"@id\":\"https:\/\/www.iax.es\/axradio\/#organization\"},\"image\":{\"@id\":\"https:\/\/www.iax.es\/axradio\/e0003-dia-internacional-del-estudiante\/#primaryimage\"},\"thumbnailUrl\":\"https:\/\/www.iax.es\/axradio\/wp-content\/uploads\/sites\/2\/2017\/11\/DO1o4m_W0AAh7JU.jpg\",\"articleSection\":[\"Especial\",\"Podcasts antiguos\"],\"inLanguage\":\"es\",\"potentialAction\":[{\"@type\":\"CommentAction\",\"name\":\"Comment\",\"target\":[\"https:\/\/www.iax.es\/axradio\/e0003-dia-internacional-del-estudiante\/#respond\"]}]},{\"@type\":\"Person\",\"@id\":\"https:\/\/www.iax.es\/axradio\/#\/schema\/person\/328103962ca199202ff512a7e2f6358e\",\"name\":\"Juan\",\"image\":{\"@type\":\"ImageObject\",\"@id\":\"https:\/\/www.iax.es\/axradio\/#personlogo\",\"inLanguage\":\"es\",\"url\":\"https:\/\/secure.gravatar.com\/avatar\/7fee4b84f767b797b608b275eda8a612?s=96&d=mm&r=g\",\"contentUrl\":\"https:\/\/secure.gravatar.com\/avatar\/7fee4b84f767b797b608b275eda8a612?s=96&d=mm&r=g\",\"caption\":\"Juan\"}}]}<\/script>\n<!-- \/ Yoast SEO plugin. -->","_links":{"self":[{"href":"https:\/\/www.iax.es\/axradio\/wp-json\/wp\/v2\/posts\/112"}],"collection":[{"href":"https:\/\/www.iax.es\/axradio\/wp-json\/wp\/v2\/posts"}],"about":[{"href":"https:\/\/www.iax.es\/axradio\/wp-json\/wp\/v2\/types\/post"}],"author":[{"embeddable":true,"href":"https:\/\/www.iax.es\/axradio\/wp-json\/wp\/v2\/users\/1"}],"replies":[{"embeddable":true,"href":"https:\/\/www.iax.es\/axradio\/wp-json\/wp\/v2\/comments?post=112"}],"version-history":[{"count":2,"href":"https:\/\/www.iax.es\/axradio\/wp-json\/wp\/v2\/posts\/112\/revisions"}],"predecessor-version":[{"id":298,"href":"https:\/\/www.iax.es\/axradio\/wp-json\/wp\/v2\/posts\/112\/revisions\/298"}],"wp:featuredmedia":[{"embeddable":true,"href":"https:\/\/www.iax.es\/axradio\/wp-json\/wp\/v2\/media\/299"}],"wp:attachment":[{"href":"https:\/\/www.iax.es\/axradio\/wp-json\/wp\/v2\/media?parent=112"}],"wp:term":[{"taxonomy":"category","embeddable":true,"href":"https:\/\/www.iax.es\/axradio\/wp-json\/wp\/v2\/categories?post=112"},{"taxonomy":"post_tag","embeddable":true,"href":"https:\/\/www.iax.es\/axradio\/wp-json\/wp\/v2\/tags?post=112"}],"curies":[{"name":"wp","href":"https:\/\/api.w.org\/{rel}","templated":true}]}}