{"id":171,"date":"2017-12-03T19:51:05","date_gmt":"2017-12-03T18:51:05","guid":{"rendered":"http:\/\/www.iax.es\/axradio\/?p=171"},"modified":"2021-05-25T09:07:28","modified_gmt":"2021-05-25T08:07:28","slug":"entrevista-ruth-lorenzo","status":"publish","type":"post","link":"https:\/\/www.iax.es\/axradio\/entrevista-ruth-lorenzo\/","title":{"rendered":"Entrevista a Ruth Lorenzo"},"content":{"rendered":"<p>El pasado s\u00e1bado 2 de diciembre, tras la m\u00e1gica inauguraci\u00f3n del \u00e1rbol de Navidad de la Plaza Circular de Murcia, \u00a1tuvimos la oportunidad de entrevistar a Ruth Lorenzo! No te pierdas la entrevista:<\/p>\n<p><iframe loading=\"lazy\" width=\"680\" height=\"383\" src=\"https:\/\/www.youtube.com\/embed\/uL3qsG6q7Ss?feature=oembed\" frameborder=\"0\" allow=\"autoplay; encrypted-media\" allowfullscreen><\/iframe><\/p>\n","protected":false},"excerpt":{"rendered":"El pasado s\u00e1bado 2 de diciembre, tras la m\u00e1gica inauguraci\u00f3n del \u00e1rbol de Navidad de la Plaza Circular de Murcia, \u00a1tuvimos la oportunidad de entrevistar a Ruth Lorenzo! No te pierdas la entrevista:","protected":false},"author":1,"featured_media":304,"comment_status":"open","ping_status":"open","sticky":false,"template":"","format":"standard","meta":[],"categories":[5,7],"tags":[],"yoast_head":"<!-- This site is optimized with the Yoast SEO plugin v16.6.1 - https:\/\/yoast.com\/wordpress\/plugins\/seo\/ -->\n<title>Entrevista a Ruth Lorenzo &ndash; AXRadio<\/title>\n<meta name=\"robots\" content=\"index, follow, max-snippet:-1, max-image-preview:large, max-video-preview:-1\" \/>\n<link rel=\"canonical\" href=\"https:\/\/www.iax.es\/axradio\/entrevista-ruth-lorenzo\/\" \/>\n<meta property=\"og:locale\" content=\"es_ES\" \/>\n<meta property=\"og:type\" content=\"article\" \/>\n<meta property=\"og:title\" content=\"Entrevista a Ruth Lorenzo &ndash; AXRadio\" \/>\n<meta property=\"og:description\" content=\"El pasado s\u00e1bado 2 de diciembre, tras la m\u00e1gica inauguraci\u00f3n del \u00e1rbol de Navidad de la Plaza Circular de Murcia, \u00a1tuvimos la oportunidad de entrevistar a Ruth Lorenzo! No te pierdas la entrevista:\" \/>\n<meta property=\"og:url\" content=\"https:\/\/www.iax.es\/axradio\/entrevista-ruth-lorenzo\/\" \/>\n<meta property=\"og:site_name\" content=\"AXRadio\" \/>\n<meta property=\"article:publisher\" content=\"https:\/\/www.facebook.com\/AXRadioES\/\" \/>\n<meta property=\"article:published_time\" content=\"2017-12-03T18:51:05+00:00\" \/>\n<meta property=\"article:modified_time\" content=\"2021-05-25T08:07:28+00:00\" \/>\n<meta property=\"og:image\" content=\"https:\/\/www.iax.es\/axradio\/wp-content\/uploads\/sites\/2\/2017\/12\/DQEZCi8WsAEUM5P.jpg\" \/>\n\t<meta property=\"og:image:width\" content=\"1200\" \/>\n\t<meta property=\"og:image:height\" content=\"767\" \/>\n<meta name=\"twitter:card\" content=\"summary_large_image\" \/>\n<meta name=\"twitter:creator\" content=\"@AXRadioES\" \/>\n<meta name=\"twitter:site\" content=\"@AXRadioES\" \/>\n<script type=\"application\/ld+json\" class=\"yoast-schema-graph\">{\"@context\":\"https:\/\/schema.org\",\"@graph\":[{\"@type\":\"Organization\",\"@id\":\"https:\/\/www.iax.es\/axradio\/#organization\",\"name\":\"AXRadio\",\"url\":\"https:\/\/www.iax.es\/axradio\/\",\"sameAs\":[\"https:\/\/www.facebook.com\/AXRadioES\/\",\"https:\/\/www.instagram.com\/axradioes\/\",\"https:\/\/twitter.com\/AXRadioES\"],\"logo\":{\"@type\":\"ImageObject\",\"@id\":\"https:\/\/www.iax.es\/axradio\/#logo\",\"inLanguage\":\"es\",\"url\":\"https:\/\/www.iax.es\/axradio\/wp-content\/uploads\/sites\/2\/2017\/12\/logo-axradio-borderapp.png\",\"contentUrl\":\"https:\/\/www.iax.es\/axradio\/wp-content\/uploads\/sites\/2\/2017\/12\/logo-axradio-borderapp.png\",\"width\":260,\"height\":260,\"caption\":\"AXRadio\"},\"image\":{\"@id\":\"https:\/\/www.iax.es\/axradio\/#logo\"}},{\"@type\":\"WebSite\",\"@id\":\"https:\/\/www.iax.es\/axradio\/#website\",\"url\":\"https:\/\/www.iax.es\/axradio\/\",\"name\":\"AXRadio\",\"description\":\"La radio del IES Alfonso X el Sabio de Murcia\",\"publisher\":{\"@id\":\"https:\/\/www.iax.es\/axradio\/#organization\"},\"potentialAction\":[{\"@type\":\"SearchAction\",\"target\":{\"@type\":\"EntryPoint\",\"urlTemplate\":\"https:\/\/www.iax.es\/axradio\/?s={search_term_string}\"},\"query-input\":\"required name=search_term_string\"}],\"inLanguage\":\"es\"},{\"@type\":\"ImageObject\",\"@id\":\"https:\/\/www.iax.es\/axradio\/entrevista-ruth-lorenzo\/#primaryimage\",\"inLanguage\":\"es\",\"url\":\"https:\/\/www.iax.es\/axradio\/wp-content\/uploads\/sites\/2\/2017\/12\/DQEZCi8WsAEUM5P.jpg\",\"contentUrl\":\"https:\/\/www.iax.es\/axradio\/wp-content\/uploads\/sites\/2\/2017\/12\/DQEZCi8WsAEUM5P.jpg\",\"width\":1200,\"height\":767},{\"@type\":\"WebPage\",\"@id\":\"https:\/\/www.iax.es\/axradio\/entrevista-ruth-lorenzo\/#webpage\",\"url\":\"https:\/\/www.iax.es\/axradio\/entrevista-ruth-lorenzo\/\",\"name\":\"Entrevista a Ruth Lorenzo &ndash; AXRadio\",\"isPartOf\":{\"@id\":\"https:\/\/www.iax.es\/axradio\/#website\"},\"primaryImageOfPage\":{\"@id\":\"https:\/\/www.iax.es\/axradio\/entrevista-ruth-lorenzo\/#primaryimage\"},\"datePublished\":\"2017-12-03T18:51:05+00:00\",\"dateModified\":\"2021-05-25T08:07:28+00:00\",\"breadcrumb\":{\"@id\":\"https:\/\/www.iax.es\/axradio\/entrevista-ruth-lorenzo\/#breadcrumb\"},\"inLanguage\":\"es\",\"potentialAction\":[{\"@type\":\"ReadAction\",\"target\":[\"https:\/\/www.iax.es\/axradio\/entrevista-ruth-lorenzo\/\"]}]},{\"@type\":\"BreadcrumbList\",\"@id\":\"https:\/\/www.iax.es\/axradio\/entrevista-ruth-lorenzo\/#breadcrumb\",\"itemListElement\":[{\"@type\":\"ListItem\",\"position\":1,\"name\":\"Portada\",\"item\":\"https:\/\/www.iax.es\/axradio\/\"},{\"@type\":\"ListItem\",\"position\":2,\"name\":\"Entrevista a Ruth Lorenzo\"}]},{\"@type\":\"Article\",\"@id\":\"https:\/\/www.iax.es\/axradio\/entrevista-ruth-lorenzo\/#article\",\"isPartOf\":{\"@id\":\"https:\/\/www.iax.es\/axradio\/entrevista-ruth-lorenzo\/#webpage\"},\"author\":{\"@id\":\"https:\/\/www.iax.es\/axradio\/#\/schema\/person\/328103962ca199202ff512a7e2f6358e\"},\"headline\":\"Entrevista a Ruth Lorenzo\",\"datePublished\":\"2017-12-03T18:51:05+00:00\",\"dateModified\":\"2021-05-25T08:07:28+00:00\",\"mainEntityOfPage\":{\"@id\":\"https:\/\/www.iax.es\/axradio\/entrevista-ruth-lorenzo\/#webpage\"},\"wordCount\":51,\"commentCount\":0,\"publisher\":{\"@id\":\"https:\/\/www.iax.es\/axradio\/#organization\"},\"image\":{\"@id\":\"https:\/\/www.iax.es\/axradio\/entrevista-ruth-lorenzo\/#primaryimage\"},\"thumbnailUrl\":\"https:\/\/www.iax.es\/axradio\/wp-content\/uploads\/sites\/2\/2017\/12\/DQEZCi8WsAEUM5P.jpg\",\"articleSection\":[\"Especial\",\"Podcasts antiguos\"],\"inLanguage\":\"es\",\"potentialAction\":[{\"@type\":\"CommentAction\",\"name\":\"Comment\",\"target\":[\"https:\/\/www.iax.es\/axradio\/entrevista-ruth-lorenzo\/#respond\"]}]},{\"@type\":\"Person\",\"@id\":\"https:\/\/www.iax.es\/axradio\/#\/schema\/person\/328103962ca199202ff512a7e2f6358e\",\"name\":\"Juan\",\"image\":{\"@type\":\"ImageObject\",\"@id\":\"https:\/\/www.iax.es\/axradio\/#personlogo\",\"inLanguage\":\"es\",\"url\":\"https:\/\/secure.gravatar.com\/avatar\/7fee4b84f767b797b608b275eda8a612?s=96&d=mm&r=g\",\"contentUrl\":\"https:\/\/secure.gravatar.com\/avatar\/7fee4b84f767b797b608b275eda8a612?s=96&d=mm&r=g\",\"caption\":\"Juan\"}}]}<\/script>\n<!-- \/ Yoast SEO plugin. -->","_links":{"self":[{"href":"https:\/\/www.iax.es\/axradio\/wp-json\/wp\/v2\/posts\/171"}],"collection":[{"href":"https:\/\/www.iax.es\/axradio\/wp-json\/wp\/v2\/posts"}],"about":[{"href":"https:\/\/www.iax.es\/axradio\/wp-json\/wp\/v2\/types\/post"}],"author":[{"embeddable":true,"href":"https:\/\/www.iax.es\/axradio\/wp-json\/wp\/v2\/users\/1"}],"replies":[{"embeddable":true,"href":"https:\/\/www.iax.es\/axradio\/wp-json\/wp\/v2\/comments?post=171"}],"version-history":[{"count":1,"href":"https:\/\/www.iax.es\/axradio\/wp-json\/wp\/v2\/posts\/171\/revisions"}],"predecessor-version":[{"id":249,"href":"https:\/\/www.iax.es\/axradio\/wp-json\/wp\/v2\/posts\/171\/revisions\/249"}],"wp:featuredmedia":[{"embeddable":true,"href":"https:\/\/www.iax.es\/axradio\/wp-json\/wp\/v2\/media\/304"}],"wp:attachment":[{"href":"https:\/\/www.iax.es\/axradio\/wp-json\/wp\/v2\/media?parent=171"}],"wp:term":[{"taxonomy":"category","embeddable":true,"href":"https:\/\/www.iax.es\/axradio\/wp-json\/wp\/v2\/categories?post=171"},{"taxonomy":"post_tag","embeddable":true,"href":"https:\/\/www.iax.es\/axradio\/wp-json\/wp\/v2\/tags?post=171"}],"curies":[{"name":"wp","href":"https:\/\/api.w.org\/{rel}","templated":true}]}}