{"id":185,"date":"2017-12-18T18:05:59","date_gmt":"2017-12-18T17:05:59","guid":{"rendered":"http:\/\/www.iax.es\/axradio\/?p=185"},"modified":"2021-05-25T09:07:28","modified_gmt":"2021-05-25T08:07:28","slug":"e0004","status":"publish","type":"post","link":"https:\/\/www.iax.es\/axradio\/e0004\/","title":{"rendered":"Especial Premios Juventud 2017"},"content":{"rendered":"<p>\u00a1La Asociaci\u00f3n de Estudiantes IES Alfonso X el Sabio de Murcia fue galardonada con el Premio Participaci\u00f3n en los Premios Juventud Regi\u00f3n de Murcia 2017! Adem\u00e1s, fuimos los primeros en recoger permio, no te pierdas la retransmisi\u00f3n de la gala en\u00a0<a href=\"http:\/\/webtv.7tvregiondemurcia.es\/retransmisiones\/murcia-en-vivo\/2017\/21122017-premios-juventud-2017\/\">http:\/\/webtv.7tvregiondemurcia.es\/retransmisiones\/murcia-en-vivo\/2017\/21122017-premios-juventud-2017\/<\/a>.<\/p>\n<p>Puedes escuchar la entrevista a D. Fernando L\u00f3pez Miras, presidente de la Comunidad Aut\u00f3noma de la Regi\u00f3n de Murcia, y a D\u00f1a. Adela Mart\u00ednez-Cach\u00e1 Mart\u00ednez, consejera de Educaci\u00f3n, Juventud y Deportes, en el siguiente audio:<\/p>\n<!--[if lt IE 9]><script>document.createElement('audio');<\/script><![endif]-->\n<audio class=\"wp-audio-shortcode\" id=\"audio-185-1\" preload=\"none\" style=\"width: 100%;\" controls=\"controls\"><source type=\"audio\/mpeg\" src=\"http:\/\/www.iax.es\/axradio\/wp-content\/uploads\/sites\/2\/2017\/12\/axradio-e0004-20171215-especialepremiosjuventud.mp3?_=1\" \/><a href=\"http:\/\/www.iax.es\/axradio\/wp-content\/uploads\/sites\/2\/2017\/12\/axradio-e0004-20171215-especialepremiosjuventud.mp3\">http:\/\/www.iax.es\/axradio\/wp-content\/uploads\/sites\/2\/2017\/12\/axradio-e0004-20171215-especialepremiosjuventud.mp3<\/a><\/audio>\n","protected":false},"excerpt":{"rendered":"\u00a1La Asociaci\u00f3n de Estudiantes IES Alfonso X el Sabio de Murcia fue galardonada con el Premio Participaci\u00f3n en los Premios Juventud Regi\u00f3n de Murcia 2017! Adem\u00e1s, fuimos los primeros en recoger permio, no te pierdas la retransmisi\u00f3n de la gala en\u00a0http:\/\/webtv.7tvregiondemurcia.es\/retransmisiones\/murcia-en-vivo\/2017\/21122017-premios-juventud-2017\/. Puedes escuchar la entrevista a D. Fernando L\u00f3pez Miras, presidente de la Comunidad Aut\u00f3noma [&hellip;]","protected":false},"author":1,"featured_media":306,"comment_status":"open","ping_status":"open","sticky":false,"template":"","format":"standard","meta":[],"categories":[5,7],"tags":[],"yoast_head":"<!-- This site is optimized with the Yoast SEO plugin v16.6.1 - https:\/\/yoast.com\/wordpress\/plugins\/seo\/ -->\n<title>Especial Premios Juventud 2017 &ndash; AXRadio<\/title>\n<meta name=\"robots\" content=\"index, follow, max-snippet:-1, max-image-preview:large, max-video-preview:-1\" \/>\n<link rel=\"canonical\" href=\"https:\/\/www.iax.es\/axradio\/e0004\/\" \/>\n<meta property=\"og:locale\" content=\"es_ES\" \/>\n<meta property=\"og:type\" content=\"article\" \/>\n<meta property=\"og:title\" content=\"Especial Premios Juventud 2017 &ndash; AXRadio\" \/>\n<meta property=\"og:description\" content=\"\u00a1La Asociaci\u00f3n de Estudiantes IES Alfonso X el Sabio de Murcia fue galardonada con el Premio Participaci\u00f3n en los Premios Juventud Regi\u00f3n de Murcia 2017! Adem\u00e1s, fuimos los primeros en recoger permio, no te pierdas la retransmisi\u00f3n de la gala en\u00a0http:\/\/webtv.7tvregiondemurcia.es\/retransmisiones\/murcia-en-vivo\/2017\/21122017-premios-juventud-2017\/. Puedes escuchar la entrevista a D. Fernando L\u00f3pez Miras, presidente de la Comunidad Aut\u00f3noma [&hellip;]\" \/>\n<meta property=\"og:url\" content=\"https:\/\/www.iax.es\/axradio\/e0004\/\" \/>\n<meta property=\"og:site_name\" content=\"AXRadio\" \/>\n<meta property=\"article:publisher\" content=\"https:\/\/www.facebook.com\/AXRadioES\/\" \/>\n<meta property=\"article:published_time\" content=\"2017-12-18T17:05:59+00:00\" \/>\n<meta property=\"article:modified_time\" content=\"2021-05-25T08:07:28+00:00\" \/>\n<meta property=\"og:image\" content=\"https:\/\/www.iax.es\/axradio\/wp-content\/uploads\/sites\/2\/2017\/12\/DRE40djW0AAwCq0.jpg\" \/>\n\t<meta property=\"og:image:width\" content=\"1200\" \/>\n\t<meta property=\"og:image:height\" content=\"800\" \/>\n<meta name=\"twitter:card\" content=\"summary_large_image\" \/>\n<meta name=\"twitter:creator\" content=\"@AXRadioES\" \/>\n<meta name=\"twitter:site\" content=\"@AXRadioES\" \/>\n<meta name=\"twitter:label1\" content=\"Tiempo de lectura\" \/>\n\t<meta name=\"twitter:data1\" content=\"1 minuto\" \/>\n<script type=\"application\/ld+json\" class=\"yoast-schema-graph\">{\"@context\":\"https:\/\/schema.org\",\"@graph\":[{\"@type\":\"Organization\",\"@id\":\"https:\/\/www.iax.es\/axradio\/#organization\",\"name\":\"AXRadio\",\"url\":\"https:\/\/www.iax.es\/axradio\/\",\"sameAs\":[\"https:\/\/www.facebook.com\/AXRadioES\/\",\"https:\/\/www.instagram.com\/axradioes\/\",\"https:\/\/twitter.com\/AXRadioES\"],\"logo\":{\"@type\":\"ImageObject\",\"@id\":\"https:\/\/www.iax.es\/axradio\/#logo\",\"inLanguage\":\"es\",\"url\":\"https:\/\/www.iax.es\/axradio\/wp-content\/uploads\/sites\/2\/2017\/12\/logo-axradio-borderapp.png\",\"contentUrl\":\"https:\/\/www.iax.es\/axradio\/wp-content\/uploads\/sites\/2\/2017\/12\/logo-axradio-borderapp.png\",\"width\":260,\"height\":260,\"caption\":\"AXRadio\"},\"image\":{\"@id\":\"https:\/\/www.iax.es\/axradio\/#logo\"}},{\"@type\":\"WebSite\",\"@id\":\"https:\/\/www.iax.es\/axradio\/#website\",\"url\":\"https:\/\/www.iax.es\/axradio\/\",\"name\":\"AXRadio\",\"description\":\"La radio del IES Alfonso X el Sabio de Murcia\",\"publisher\":{\"@id\":\"https:\/\/www.iax.es\/axradio\/#organization\"},\"potentialAction\":[{\"@type\":\"SearchAction\",\"target\":{\"@type\":\"EntryPoint\",\"urlTemplate\":\"https:\/\/www.iax.es\/axradio\/?s={search_term_string}\"},\"query-input\":\"required name=search_term_string\"}],\"inLanguage\":\"es\"},{\"@type\":\"ImageObject\",\"@id\":\"https:\/\/www.iax.es\/axradio\/e0004\/#primaryimage\",\"inLanguage\":\"es\",\"url\":\"https:\/\/www.iax.es\/axradio\/wp-content\/uploads\/sites\/2\/2017\/12\/DRE40djW0AAwCq0.jpg\",\"contentUrl\":\"https:\/\/www.iax.es\/axradio\/wp-content\/uploads\/sites\/2\/2017\/12\/DRE40djW0AAwCq0.jpg\",\"width\":1200,\"height\":800},{\"@type\":\"WebPage\",\"@id\":\"https:\/\/www.iax.es\/axradio\/e0004\/#webpage\",\"url\":\"https:\/\/www.iax.es\/axradio\/e0004\/\",\"name\":\"Especial Premios Juventud 2017 &ndash; AXRadio\",\"isPartOf\":{\"@id\":\"https:\/\/www.iax.es\/axradio\/#website\"},\"primaryImageOfPage\":{\"@id\":\"https:\/\/www.iax.es\/axradio\/e0004\/#primaryimage\"},\"datePublished\":\"2017-12-18T17:05:59+00:00\",\"dateModified\":\"2021-05-25T08:07:28+00:00\",\"breadcrumb\":{\"@id\":\"https:\/\/www.iax.es\/axradio\/e0004\/#breadcrumb\"},\"inLanguage\":\"es\",\"potentialAction\":[{\"@type\":\"ReadAction\",\"target\":[\"https:\/\/www.iax.es\/axradio\/e0004\/\"]}]},{\"@type\":\"BreadcrumbList\",\"@id\":\"https:\/\/www.iax.es\/axradio\/e0004\/#breadcrumb\",\"itemListElement\":[{\"@type\":\"ListItem\",\"position\":1,\"name\":\"Portada\",\"item\":\"https:\/\/www.iax.es\/axradio\/\"},{\"@type\":\"ListItem\",\"position\":2,\"name\":\"Especial Premios Juventud 2017\"}]},{\"@type\":\"Article\",\"@id\":\"https:\/\/www.iax.es\/axradio\/e0004\/#article\",\"isPartOf\":{\"@id\":\"https:\/\/www.iax.es\/axradio\/e0004\/#webpage\"},\"author\":{\"@id\":\"https:\/\/www.iax.es\/axradio\/#\/schema\/person\/328103962ca199202ff512a7e2f6358e\"},\"headline\":\"Especial Premios Juventud 2017\",\"datePublished\":\"2017-12-18T17:05:59+00:00\",\"dateModified\":\"2021-05-25T08:07:28+00:00\",\"mainEntityOfPage\":{\"@id\":\"https:\/\/www.iax.es\/axradio\/e0004\/#webpage\"},\"wordCount\":109,\"commentCount\":0,\"publisher\":{\"@id\":\"https:\/\/www.iax.es\/axradio\/#organization\"},\"image\":{\"@id\":\"https:\/\/www.iax.es\/axradio\/e0004\/#primaryimage\"},\"thumbnailUrl\":\"https:\/\/www.iax.es\/axradio\/wp-content\/uploads\/sites\/2\/2017\/12\/DRE40djW0AAwCq0.jpg\",\"articleSection\":[\"Especial\",\"Podcasts antiguos\"],\"inLanguage\":\"es\",\"potentialAction\":[{\"@type\":\"CommentAction\",\"name\":\"Comment\",\"target\":[\"https:\/\/www.iax.es\/axradio\/e0004\/#respond\"]}]},{\"@type\":\"Person\",\"@id\":\"https:\/\/www.iax.es\/axradio\/#\/schema\/person\/328103962ca199202ff512a7e2f6358e\",\"name\":\"Juan\",\"image\":{\"@type\":\"ImageObject\",\"@id\":\"https:\/\/www.iax.es\/axradio\/#personlogo\",\"inLanguage\":\"es\",\"url\":\"https:\/\/secure.gravatar.com\/avatar\/7fee4b84f767b797b608b275eda8a612?s=96&d=mm&r=g\",\"contentUrl\":\"https:\/\/secure.gravatar.com\/avatar\/7fee4b84f767b797b608b275eda8a612?s=96&d=mm&r=g\",\"caption\":\"Juan\"}}]}<\/script>\n<!-- \/ Yoast SEO plugin. -->","_links":{"self":[{"href":"https:\/\/www.iax.es\/axradio\/wp-json\/wp\/v2\/posts\/185"}],"collection":[{"href":"https:\/\/www.iax.es\/axradio\/wp-json\/wp\/v2\/posts"}],"about":[{"href":"https:\/\/www.iax.es\/axradio\/wp-json\/wp\/v2\/types\/post"}],"author":[{"embeddable":true,"href":"https:\/\/www.iax.es\/axradio\/wp-json\/wp\/v2\/users\/1"}],"replies":[{"embeddable":true,"href":"https:\/\/www.iax.es\/axradio\/wp-json\/wp\/v2\/comments?post=185"}],"version-history":[{"count":6,"href":"https:\/\/www.iax.es\/axradio\/wp-json\/wp\/v2\/posts\/185\/revisions"}],"predecessor-version":[{"id":314,"href":"https:\/\/www.iax.es\/axradio\/wp-json\/wp\/v2\/posts\/185\/revisions\/314"}],"wp:featuredmedia":[{"embeddable":true,"href":"https:\/\/www.iax.es\/axradio\/wp-json\/wp\/v2\/media\/306"}],"wp:attachment":[{"href":"https:\/\/www.iax.es\/axradio\/wp-json\/wp\/v2\/media?parent=185"}],"wp:term":[{"taxonomy":"category","embeddable":true,"href":"https:\/\/www.iax.es\/axradio\/wp-json\/wp\/v2\/categories?post=185"},{"taxonomy":"post_tag","embeddable":true,"href":"https:\/\/www.iax.es\/axradio\/wp-json\/wp\/v2\/tags?post=185"}],"curies":[{"name":"wp","href":"https:\/\/api.w.org\/{rel}","templated":true}]}}