{"id":315,"date":"2018-01-17T18:17:27","date_gmt":"2018-01-17T17:17:27","guid":{"rendered":"https:\/\/www.iax.es\/axradio\/?p=315"},"modified":"2021-05-25T09:07:28","modified_gmt":"2021-05-25T08:07:28","slug":"e0006-rafamarin","status":"publish","type":"post","link":"https:\/\/www.iax.es\/axradio\/e0006-rafamarin\/","title":{"rendered":"Especial Director Rafa Mar\u00edn"},"content":{"rendered":"<p>Dedicamos este programa especial a nuestro siempre querid\u00edsimo Director Rafael Mar\u00edn Hern\u00e1ndez.<\/p>\n<p>&nbsp;<\/p>\n<!--[if lt IE 9]><script>document.createElement('audio');<\/script><![endif]-->\n<audio class=\"wp-audio-shortcode\" id=\"audio-315-1\" preload=\"none\" style=\"width: 100%;\" controls=\"controls\"><source type=\"audio\/mpeg\" src=\"https:\/\/www.iax.es\/axradio\/wp-content\/uploads\/sites\/2\/2018\/01\/4ade81cfeb8b3e72154c89c534883c9b.mp3?_=1\" \/><a href=\"https:\/\/www.iax.es\/axradio\/wp-content\/uploads\/sites\/2\/2018\/01\/4ade81cfeb8b3e72154c89c534883c9b.mp3\">https:\/\/www.iax.es\/axradio\/wp-content\/uploads\/sites\/2\/2018\/01\/4ade81cfeb8b3e72154c89c534883c9b.mp3<\/a><\/audio>\n","protected":false},"excerpt":{"rendered":"Dedicamos este programa especial a nuestro siempre querid\u00edsimo Director Rafael Mar\u00edn Hern\u00e1ndez. &nbsp;","protected":false},"author":1,"featured_media":317,"comment_status":"open","ping_status":"open","sticky":false,"template":"","format":"standard","meta":[],"categories":[5,7],"tags":[],"yoast_head":"<!-- This site is optimized with the Yoast SEO plugin v16.6.1 - https:\/\/yoast.com\/wordpress\/plugins\/seo\/ -->\n<title>Especial Director Rafa Mar\u00edn &ndash; AXRadio<\/title>\n<meta name=\"robots\" content=\"index, follow, max-snippet:-1, max-image-preview:large, max-video-preview:-1\" \/>\n<link rel=\"canonical\" href=\"https:\/\/www.iax.es\/axradio\/e0006-rafamarin\/\" \/>\n<meta property=\"og:locale\" content=\"es_ES\" \/>\n<meta property=\"og:type\" content=\"article\" \/>\n<meta property=\"og:title\" content=\"Especial Director Rafa Mar\u00edn &ndash; AXRadio\" \/>\n<meta property=\"og:description\" content=\"Dedicamos este programa especial a nuestro siempre querid\u00edsimo Director Rafael Mar\u00edn Hern\u00e1ndez. &nbsp;\" \/>\n<meta property=\"og:url\" content=\"https:\/\/www.iax.es\/axradio\/e0006-rafamarin\/\" \/>\n<meta property=\"og:site_name\" content=\"AXRadio\" \/>\n<meta property=\"article:publisher\" content=\"https:\/\/www.facebook.com\/AXRadioES\/\" \/>\n<meta property=\"article:published_time\" content=\"2018-01-17T17:17:27+00:00\" \/>\n<meta property=\"article:modified_time\" content=\"2021-05-25T08:07:28+00:00\" \/>\n<meta property=\"og:image\" content=\"https:\/\/www.iax.es\/axradio\/wp-content\/uploads\/sites\/2\/2018\/01\/DS5QsPxWsAA3oLC.jpg\" \/>\n\t<meta property=\"og:image:width\" content=\"1920\" \/>\n\t<meta property=\"og:image:height\" content=\"1080\" \/>\n<meta name=\"twitter:card\" content=\"summary_large_image\" \/>\n<meta name=\"twitter:creator\" content=\"@AXRadioES\" \/>\n<meta name=\"twitter:site\" content=\"@AXRadioES\" \/>\n<script type=\"application\/ld+json\" class=\"yoast-schema-graph\">{\"@context\":\"https:\/\/schema.org\",\"@graph\":[{\"@type\":\"Organization\",\"@id\":\"https:\/\/www.iax.es\/axradio\/#organization\",\"name\":\"AXRadio\",\"url\":\"https:\/\/www.iax.es\/axradio\/\",\"sameAs\":[\"https:\/\/www.facebook.com\/AXRadioES\/\",\"https:\/\/www.instagram.com\/axradioes\/\",\"https:\/\/twitter.com\/AXRadioES\"],\"logo\":{\"@type\":\"ImageObject\",\"@id\":\"https:\/\/www.iax.es\/axradio\/#logo\",\"inLanguage\":\"es\",\"url\":\"https:\/\/www.iax.es\/axradio\/wp-content\/uploads\/sites\/2\/2017\/12\/logo-axradio-borderapp.png\",\"contentUrl\":\"https:\/\/www.iax.es\/axradio\/wp-content\/uploads\/sites\/2\/2017\/12\/logo-axradio-borderapp.png\",\"width\":260,\"height\":260,\"caption\":\"AXRadio\"},\"image\":{\"@id\":\"https:\/\/www.iax.es\/axradio\/#logo\"}},{\"@type\":\"WebSite\",\"@id\":\"https:\/\/www.iax.es\/axradio\/#website\",\"url\":\"https:\/\/www.iax.es\/axradio\/\",\"name\":\"AXRadio\",\"description\":\"La radio del IES Alfonso X el Sabio de Murcia\",\"publisher\":{\"@id\":\"https:\/\/www.iax.es\/axradio\/#organization\"},\"potentialAction\":[{\"@type\":\"SearchAction\",\"target\":{\"@type\":\"EntryPoint\",\"urlTemplate\":\"https:\/\/www.iax.es\/axradio\/?s={search_term_string}\"},\"query-input\":\"required name=search_term_string\"}],\"inLanguage\":\"es\"},{\"@type\":\"ImageObject\",\"@id\":\"https:\/\/www.iax.es\/axradio\/e0006-rafamarin\/#primaryimage\",\"inLanguage\":\"es\",\"url\":\"https:\/\/www.iax.es\/axradio\/wp-content\/uploads\/sites\/2\/2018\/01\/DS5QsPxWsAA3oLC.jpg\",\"contentUrl\":\"https:\/\/www.iax.es\/axradio\/wp-content\/uploads\/sites\/2\/2018\/01\/DS5QsPxWsAA3oLC.jpg\",\"width\":1920,\"height\":1080},{\"@type\":\"WebPage\",\"@id\":\"https:\/\/www.iax.es\/axradio\/e0006-rafamarin\/#webpage\",\"url\":\"https:\/\/www.iax.es\/axradio\/e0006-rafamarin\/\",\"name\":\"Especial Director Rafa Mar\\u00edn &ndash; AXRadio\",\"isPartOf\":{\"@id\":\"https:\/\/www.iax.es\/axradio\/#website\"},\"primaryImageOfPage\":{\"@id\":\"https:\/\/www.iax.es\/axradio\/e0006-rafamarin\/#primaryimage\"},\"datePublished\":\"2018-01-17T17:17:27+00:00\",\"dateModified\":\"2021-05-25T08:07:28+00:00\",\"breadcrumb\":{\"@id\":\"https:\/\/www.iax.es\/axradio\/e0006-rafamarin\/#breadcrumb\"},\"inLanguage\":\"es\",\"potentialAction\":[{\"@type\":\"ReadAction\",\"target\":[\"https:\/\/www.iax.es\/axradio\/e0006-rafamarin\/\"]}]},{\"@type\":\"BreadcrumbList\",\"@id\":\"https:\/\/www.iax.es\/axradio\/e0006-rafamarin\/#breadcrumb\",\"itemListElement\":[{\"@type\":\"ListItem\",\"position\":1,\"name\":\"Portada\",\"item\":\"https:\/\/www.iax.es\/axradio\/\"},{\"@type\":\"ListItem\",\"position\":2,\"name\":\"Especial Director Rafa Mar\\u00edn\"}]},{\"@type\":\"Article\",\"@id\":\"https:\/\/www.iax.es\/axradio\/e0006-rafamarin\/#article\",\"isPartOf\":{\"@id\":\"https:\/\/www.iax.es\/axradio\/e0006-rafamarin\/#webpage\"},\"author\":{\"@id\":\"https:\/\/www.iax.es\/axradio\/#\/schema\/person\/328103962ca199202ff512a7e2f6358e\"},\"headline\":\"Especial Director Rafa Mar\\u00edn\",\"datePublished\":\"2018-01-17T17:17:27+00:00\",\"dateModified\":\"2021-05-25T08:07:28+00:00\",\"mainEntityOfPage\":{\"@id\":\"https:\/\/www.iax.es\/axradio\/e0006-rafamarin\/#webpage\"},\"wordCount\":41,\"commentCount\":0,\"publisher\":{\"@id\":\"https:\/\/www.iax.es\/axradio\/#organization\"},\"image\":{\"@id\":\"https:\/\/www.iax.es\/axradio\/e0006-rafamarin\/#primaryimage\"},\"thumbnailUrl\":\"https:\/\/www.iax.es\/axradio\/wp-content\/uploads\/sites\/2\/2018\/01\/DS5QsPxWsAA3oLC.jpg\",\"articleSection\":[\"Especial\",\"Podcasts antiguos\"],\"inLanguage\":\"es\",\"potentialAction\":[{\"@type\":\"CommentAction\",\"name\":\"Comment\",\"target\":[\"https:\/\/www.iax.es\/axradio\/e0006-rafamarin\/#respond\"]}]},{\"@type\":\"Person\",\"@id\":\"https:\/\/www.iax.es\/axradio\/#\/schema\/person\/328103962ca199202ff512a7e2f6358e\",\"name\":\"Juan\",\"image\":{\"@type\":\"ImageObject\",\"@id\":\"https:\/\/www.iax.es\/axradio\/#personlogo\",\"inLanguage\":\"es\",\"url\":\"https:\/\/secure.gravatar.com\/avatar\/7fee4b84f767b797b608b275eda8a612?s=96&d=mm&r=g\",\"contentUrl\":\"https:\/\/secure.gravatar.com\/avatar\/7fee4b84f767b797b608b275eda8a612?s=96&d=mm&r=g\",\"caption\":\"Juan\"}}]}<\/script>\n<!-- \/ Yoast SEO plugin. -->","_links":{"self":[{"href":"https:\/\/www.iax.es\/axradio\/wp-json\/wp\/v2\/posts\/315"}],"collection":[{"href":"https:\/\/www.iax.es\/axradio\/wp-json\/wp\/v2\/posts"}],"about":[{"href":"https:\/\/www.iax.es\/axradio\/wp-json\/wp\/v2\/types\/post"}],"author":[{"embeddable":true,"href":"https:\/\/www.iax.es\/axradio\/wp-json\/wp\/v2\/users\/1"}],"replies":[{"embeddable":true,"href":"https:\/\/www.iax.es\/axradio\/wp-json\/wp\/v2\/comments?post=315"}],"version-history":[{"count":3,"href":"https:\/\/www.iax.es\/axradio\/wp-json\/wp\/v2\/posts\/315\/revisions"}],"predecessor-version":[{"id":434,"href":"https:\/\/www.iax.es\/axradio\/wp-json\/wp\/v2\/posts\/315\/revisions\/434"}],"wp:featuredmedia":[{"embeddable":true,"href":"https:\/\/www.iax.es\/axradio\/wp-json\/wp\/v2\/media\/317"}],"wp:attachment":[{"href":"https:\/\/www.iax.es\/axradio\/wp-json\/wp\/v2\/media?parent=315"}],"wp:term":[{"taxonomy":"category","embeddable":true,"href":"https:\/\/www.iax.es\/axradio\/wp-json\/wp\/v2\/categories?post=315"},{"taxonomy":"post_tag","embeddable":true,"href":"https:\/\/www.iax.es\/axradio\/wp-json\/wp\/v2\/tags?post=315"}],"curies":[{"name":"wp","href":"https:\/\/api.w.org\/{rel}","templated":true}]}}