{"id":123,"date":"2020-10-22T11:14:46","date_gmt":"2020-10-22T11:14:46","guid":{"rendered":"https:\/\/www.iax.es\/dace\/?p=123"},"modified":"2020-11-10T09:37:28","modified_gmt":"2020-11-10T09:37:28","slug":"conciertos-y-operas","status":"publish","type":"post","link":"https:\/\/www.iax.es\/dace\/2020\/10\/22\/conciertos-y-operas\/","title":{"rendered":"Conciertos y \u00d3peras"},"content":{"rendered":"\n<p>En este apartado de ofrecemos enlaces a eventos musicales que se emiten en streaming de forma gratuita. As\u00ed seguir\u00e1s grandes acontecimientos musicales, desde casa. <\/p>\n\n\n\n<p><a rel=\"noreferrer noopener\" aria-label=\"\u00d3pera (se abre en una nueva pesta\u00f1a)\" href=\"http:\/\/www.metopera.org\" target=\"_blank\">\u00d3pera<\/a><\/p>\n\n\n\n<p><\/p>\n\n\n\n<p><\/p>\n\n\n\n<p><\/p>\n\n\n\n<p><\/p>\n","protected":false},"excerpt":{"rendered":"En este apartado de ofrecemos enlaces a eventos musicales que se emiten en streaming de forma gratuita. As\u00ed seguir\u00e1s grandes acontecimientos musicales, desde casa. \u00d3pera","protected":false},"author":9,"featured_media":125,"comment_status":"open","ping_status":"open","sticky":false,"template":"","format":"standard","meta":[],"categories":[5],"tags":[],"yoast_head":"<!-- This site is optimized with the Yoast SEO plugin v16.6.1 - https:\/\/yoast.com\/wordpress\/plugins\/seo\/ -->\n<title>Conciertos y \u00d3peras - Actividades Extraescolares del IES Alfonso X el Sabio<\/title>\n<meta name=\"robots\" content=\"index, follow, max-snippet:-1, max-image-preview:large, max-video-preview:-1\" \/>\n<link rel=\"canonical\" href=\"https:\/\/www.iax.es\/dace\/2020\/10\/22\/conciertos-y-operas\/\" \/>\n<meta property=\"og:locale\" content=\"es_ES\" \/>\n<meta property=\"og:type\" content=\"article\" \/>\n<meta property=\"og:title\" content=\"Conciertos y \u00d3peras - Actividades Extraescolares del IES Alfonso X el Sabio\" \/>\n<meta property=\"og:description\" content=\"En este apartado de ofrecemos enlaces a eventos musicales que se emiten en streaming de forma gratuita. As\u00ed seguir\u00e1s grandes acontecimientos musicales, desde casa. \u00d3pera\" \/>\n<meta property=\"og:url\" content=\"https:\/\/www.iax.es\/dace\/2020\/10\/22\/conciertos-y-operas\/\" \/>\n<meta property=\"og:site_name\" content=\"Actividades Extraescolares del IES Alfonso X el Sabio\" \/>\n<meta property=\"article:published_time\" content=\"2020-10-22T11:14:46+00:00\" \/>\n<meta property=\"article:modified_time\" content=\"2020-11-10T09:37:28+00:00\" \/>\n<meta property=\"og:image\" content=\"https:\/\/www.iax.es\/dace\/wp-content\/uploads\/sites\/12\/2020\/10\/opera-67497_1920.jpg\" \/>\n\t<meta property=\"og:image:width\" content=\"1920\" \/>\n\t<meta property=\"og:image:height\" content=\"1164\" \/>\n<meta name=\"twitter:card\" content=\"summary_large_image\" \/>\n<script type=\"application\/ld+json\" class=\"yoast-schema-graph\">{\"@context\":\"https:\/\/schema.org\",\"@graph\":[{\"@type\":\"WebSite\",\"@id\":\"https:\/\/www.iax.es\/dace\/#website\",\"url\":\"https:\/\/www.iax.es\/dace\/\",\"name\":\"Actividades Extraescolares del IES Alfonso X el Sabio\",\"description\":\"Otro sitio m\\u00e1s de iax_wpmu\",\"potentialAction\":[{\"@type\":\"SearchAction\",\"target\":{\"@type\":\"EntryPoint\",\"urlTemplate\":\"https:\/\/www.iax.es\/dace\/?s={search_term_string}\"},\"query-input\":\"required name=search_term_string\"}],\"inLanguage\":\"es\"},{\"@type\":\"ImageObject\",\"@id\":\"https:\/\/www.iax.es\/dace\/2020\/10\/22\/conciertos-y-operas\/#primaryimage\",\"inLanguage\":\"es\",\"url\":\"https:\/\/www.iax.es\/dace\/wp-content\/uploads\/sites\/12\/2020\/10\/opera-67497_1920.jpg\",\"contentUrl\":\"https:\/\/www.iax.es\/dace\/wp-content\/uploads\/sites\/12\/2020\/10\/opera-67497_1920.jpg\",\"width\":1920,\"height\":1164},{\"@type\":\"WebPage\",\"@id\":\"https:\/\/www.iax.es\/dace\/2020\/10\/22\/conciertos-y-operas\/#webpage\",\"url\":\"https:\/\/www.iax.es\/dace\/2020\/10\/22\/conciertos-y-operas\/\",\"name\":\"Conciertos y \\u00d3peras - Actividades Extraescolares del IES Alfonso X el Sabio\",\"isPartOf\":{\"@id\":\"https:\/\/www.iax.es\/dace\/#website\"},\"primaryImageOfPage\":{\"@id\":\"https:\/\/www.iax.es\/dace\/2020\/10\/22\/conciertos-y-operas\/#primaryimage\"},\"datePublished\":\"2020-10-22T11:14:46+00:00\",\"dateModified\":\"2020-11-10T09:37:28+00:00\",\"author\":{\"@id\":\"https:\/\/www.iax.es\/dace\/#\/schema\/person\/fdc499e646b21b87a434a8db7c07e432\"},\"breadcrumb\":{\"@id\":\"https:\/\/www.iax.es\/dace\/2020\/10\/22\/conciertos-y-operas\/#breadcrumb\"},\"inLanguage\":\"es\",\"potentialAction\":[{\"@type\":\"ReadAction\",\"target\":[\"https:\/\/www.iax.es\/dace\/2020\/10\/22\/conciertos-y-operas\/\"]}]},{\"@type\":\"BreadcrumbList\",\"@id\":\"https:\/\/www.iax.es\/dace\/2020\/10\/22\/conciertos-y-operas\/#breadcrumb\",\"itemListElement\":[{\"@type\":\"ListItem\",\"position\":1,\"name\":\"Portada\",\"item\":\"https:\/\/www.iax.es\/dace\/\"},{\"@type\":\"ListItem\",\"position\":2,\"name\":\"Conciertos y \\u00d3peras\"}]},{\"@type\":\"Person\",\"@id\":\"https:\/\/www.iax.es\/dace\/#\/schema\/person\/fdc499e646b21b87a434a8db7c07e432\",\"name\":\"lara\",\"image\":{\"@type\":\"ImageObject\",\"@id\":\"https:\/\/www.iax.es\/dace\/#personlogo\",\"inLanguage\":\"es\",\"url\":\"https:\/\/secure.gravatar.com\/avatar\/3749ff24c75bb25c96cf23b63930ee6d?s=96&d=mm&r=g\",\"contentUrl\":\"https:\/\/secure.gravatar.com\/avatar\/3749ff24c75bb25c96cf23b63930ee6d?s=96&d=mm&r=g\",\"caption\":\"lara\"},\"url\":\"https:\/\/www.iax.es\/dace\/author\/lara\/\"}]}<\/script>\n<!-- \/ Yoast SEO plugin. -->","_links":{"self":[{"href":"https:\/\/www.iax.es\/dace\/wp-json\/wp\/v2\/posts\/123"}],"collection":[{"href":"https:\/\/www.iax.es\/dace\/wp-json\/wp\/v2\/posts"}],"about":[{"href":"https:\/\/www.iax.es\/dace\/wp-json\/wp\/v2\/types\/post"}],"author":[{"embeddable":true,"href":"https:\/\/www.iax.es\/dace\/wp-json\/wp\/v2\/users\/9"}],"replies":[{"embeddable":true,"href":"https:\/\/www.iax.es\/dace\/wp-json\/wp\/v2\/comments?post=123"}],"version-history":[{"count":2,"href":"https:\/\/www.iax.es\/dace\/wp-json\/wp\/v2\/posts\/123\/revisions"}],"predecessor-version":[{"id":175,"href":"https:\/\/www.iax.es\/dace\/wp-json\/wp\/v2\/posts\/123\/revisions\/175"}],"wp:featuredmedia":[{"embeddable":true,"href":"https:\/\/www.iax.es\/dace\/wp-json\/wp\/v2\/media\/125"}],"wp:attachment":[{"href":"https:\/\/www.iax.es\/dace\/wp-json\/wp\/v2\/media?parent=123"}],"wp:term":[{"taxonomy":"category","embeddable":true,"href":"https:\/\/www.iax.es\/dace\/wp-json\/wp\/v2\/categories?post=123"},{"taxonomy":"post_tag","embeddable":true,"href":"https:\/\/www.iax.es\/dace\/wp-json\/wp\/v2\/tags?post=123"}],"curies":[{"name":"wp","href":"https:\/\/api.w.org\/{rel}","templated":true}]}}