{"id":131,"date":"2020-10-24T08:52:34","date_gmt":"2020-10-24T08:52:34","guid":{"rendered":"https:\/\/www.iax.es\/dace\/?p=131"},"modified":"2021-01-10T19:38:35","modified_gmt":"2021-01-10T19:38:35","slug":"edicion-de-videos-y-diseno-grafico","status":"publish","type":"post","link":"https:\/\/www.iax.es\/dace\/2020\/10\/24\/edicion-de-videos-y-diseno-grafico\/","title":{"rendered":"Edici\u00f3n de V\u00eddeos y Dise\u00f1o Gr\u00e1fico"},"content":{"rendered":"\n<p>\u00bfTe gusta la inform\u00e1tica? \u00bf necesitas aprender a editar v\u00eddeos, im\u00e1genes y archivos como herramientas educativas? si la respuestas es s\u00ed, este es tu curso. <\/p>\n\n\n\n<p>Impartido por una licenciada en dise\u00f1o gr\u00e1fico, gratuito y, en exclusiva, para alumn@s del IES Alfonso X. <\/p>\n\n\n\n<p>El curso comenzar\u00e1 en enero, a la vuelta de Navidad. <\/p>\n\n\n\n<p>El curso se desarrollar\u00e1 durante varios meses, una tarde a la semana. Hay plazas limitadas!!!! haz tu preinscripci\u00f3n cuanto antes pinchando aqu\u00ed. Plazo l\u00edmite 10 de diciembre. Hay plazas limitadas. <\/p>\n\n\n\n<p>GRUPOS Y HORARIO DE INICIO DEL CURSO <\/p>\n\n\n\n<p>Los grupos se han hecho en base a la mayor\u00eda de preferencias. Algunos estar\u00e9is en un turno diferente al que pusisteis. Si os viene mal ese grupo y quer\u00e9is daros de baja o hacer una permuta a otro grupo, ten\u00e9is que mandar un correo a lara.fernandez@murciaeduca.es <\/p>\n\n\n\n<p>Los cursos comenzar\u00e1n el 11 de enero y tendr\u00e1n 10 sesiones. Antes de la primera sesi\u00f3n tendr\u00e9is el c\u00f3digo meet para acceder. <\/p>\n\n\n\n<p>LUNES DE 16.30 A 18 HORAS:  c\u00f3digo reuni\u00f3n google meet zjj-cfpp-azp<\/p>\n\n\n\n<ol><li>Carlota Alcolea Rojo<\/li><li>Pablo L\u00f3pez Garc\u00eda<\/li><li>Claudia Rivas Nicol\u00e1s<\/li><li>Milene Velasquez Estrada<\/li><li>Pablo Velasco Tejedor<\/li><li>Roc\u00edo Jim\u00e9nez Torres<\/li><li>Rub\u00e9n Manzanares Valero<\/li><li>Alejandro Parra Carrilero<\/li><li>Mar\u00eda Jos\u00e9 Ros Cascales<\/li><li>Hugo Borr\u00e1s Rodr\u00edguez<\/li><li>Dar\u00edo Navarro L\u00f3pez<\/li><li>Luc\u00eda G. P\u00e9rez S\u00e1nchez<\/li><li>Azul Cervera Morales<br><\/li><\/ol>\n\n\n\n<p>LUNES DE 18 A 19.30. C\u00f3digo reuni\u00f3n google meet : oav-tyjn-qck<\/p>\n\n\n\n<ol><li>Miguel L\u00f3pez Garc\u00eda<\/li><li>Juan Ciller Mi\u00f1ana<\/li><li>Sergio Ceballos Mart\u00ednez<\/li><li>Mar\u00eda Burgos Casares<\/li><li>Candela Romero Rivero<\/li><li>Mar\u00eda Luisa C\u00e1novas G\u00f3mez<\/li><li>Luis Mar\u00edn P\u00e9rez<\/li><li>Laura L\u00f3pez Am\u00f3stegui<\/li><li>Mario de Pedro P\u00e9rez <\/li><li>Jaime Romero Peinado<\/li><li>Daniel P\u00e9rez Poveda<\/li><li>Jes\u00fas Corbacho <\/li><li>Jos\u00e9 Diego<\/li><\/ol>\n\n\n\n<p>MARTES DE 16.30 A 18 HORAS. C\u00f3digo de reuni\u00f3n google meet: fiv-gnek-ehu<\/p>\n\n\n\n<ol><li>Mar\u00eda Cuerda Gali\u00e1n<\/li><li>Juan Diego Villarejo Garc\u00eda<\/li><li>Jes\u00fas Corbacho Cerezo<\/li><li>Adriano Alberti Navarro<\/li><li>Francisco Sotomayor Sarabia<\/li><li>Julia Hern\u00e1ndez Garc\u00eda<\/li><li>Lidia Reyes Mart\u00ednez<\/li><li>Luc\u00eda Ayala Abenza<\/li><li>Francisco Mart\u00ednez Mu\u00f1oz<\/li><li>Candela Salas Andreo<\/li><\/ol>\n\n\n\n<div class=\"wp-block-button aligncenter\"><a class=\"wp-block-button__link has-text-color has-very-light-gray-color has-background has-vivid-cyan-blue-background-color\" href=\"https:\/\/forms.gle\/bH5w7o4zvoRieA3u6\"><strong>Preinscripci\u00f3n<\/strong><\/a><\/div>\n","protected":false},"excerpt":{"rendered":"\u00bfTe gusta la inform\u00e1tica? \u00bf necesitas aprender a editar v\u00eddeos, im\u00e1genes y archivos como herramientas educativas? si la respuestas es s\u00ed, este es tu curso. Impartido por una licenciada en dise\u00f1o gr\u00e1fico, gratuito y, en exclusiva, para alumn@s del IES Alfonso X. El curso comenzar\u00e1 en enero, a la vuelta de Navidad. El curso se [&hellip;]","protected":false},"author":9,"featured_media":134,"comment_status":"open","ping_status":"open","sticky":true,"template":"","format":"standard","meta":[],"categories":[7],"tags":[],"yoast_head":"<!-- This site is optimized with the Yoast SEO plugin v16.6.1 - https:\/\/yoast.com\/wordpress\/plugins\/seo\/ -->\n<title>Edici\u00f3n de V\u00eddeos y Dise\u00f1o Gr\u00e1fico - Actividades Extraescolares del IES Alfonso X el Sabio<\/title>\n<meta name=\"robots\" content=\"index, follow, max-snippet:-1, max-image-preview:large, max-video-preview:-1\" \/>\n<link rel=\"canonical\" href=\"https:\/\/www.iax.es\/dace\/2020\/10\/24\/edicion-de-videos-y-diseno-grafico\/\" \/>\n<meta property=\"og:locale\" content=\"es_ES\" \/>\n<meta property=\"og:type\" content=\"article\" \/>\n<meta property=\"og:title\" content=\"Edici\u00f3n de V\u00eddeos y Dise\u00f1o Gr\u00e1fico - Actividades Extraescolares del IES Alfonso X el Sabio\" \/>\n<meta property=\"og:description\" content=\"\u00bfTe gusta la inform\u00e1tica? \u00bf necesitas aprender a editar v\u00eddeos, im\u00e1genes y archivos como herramientas educativas? si la respuestas es s\u00ed, este es tu curso. Impartido por una licenciada en dise\u00f1o gr\u00e1fico, gratuito y, en exclusiva, para alumn@s del IES Alfonso X. El curso comenzar\u00e1 en enero, a la vuelta de Navidad. El curso se [&hellip;]\" \/>\n<meta property=\"og:url\" content=\"https:\/\/www.iax.es\/dace\/2020\/10\/24\/edicion-de-videos-y-diseno-grafico\/\" \/>\n<meta property=\"og:site_name\" content=\"Actividades Extraescolares del IES Alfonso X el Sabio\" \/>\n<meta property=\"article:published_time\" content=\"2020-10-24T08:52:34+00:00\" \/>\n<meta property=\"article:modified_time\" content=\"2021-01-10T19:38:35+00:00\" \/>\n<meta property=\"og:image\" content=\"https:\/\/www.iax.es\/dace\/wp-content\/uploads\/sites\/12\/2020\/10\/youtube-4740743_1920.jpg\" \/>\n\t<meta property=\"og:image:width\" content=\"1920\" \/>\n\t<meta property=\"og:image:height\" content=\"1280\" \/>\n<meta name=\"twitter:card\" content=\"summary_large_image\" \/>\n<meta name=\"twitter:label1\" content=\"Tiempo de lectura\" \/>\n\t<meta name=\"twitter:data1\" content=\"2 minutos\" \/>\n<script type=\"application\/ld+json\" class=\"yoast-schema-graph\">{\"@context\":\"https:\/\/schema.org\",\"@graph\":[{\"@type\":\"WebSite\",\"@id\":\"https:\/\/www.iax.es\/dace\/#website\",\"url\":\"https:\/\/www.iax.es\/dace\/\",\"name\":\"Actividades Extraescolares del IES Alfonso X el Sabio\",\"description\":\"Otro sitio m\\u00e1s de iax_wpmu\",\"potentialAction\":[{\"@type\":\"SearchAction\",\"target\":{\"@type\":\"EntryPoint\",\"urlTemplate\":\"https:\/\/www.iax.es\/dace\/?s={search_term_string}\"},\"query-input\":\"required name=search_term_string\"}],\"inLanguage\":\"es\"},{\"@type\":\"ImageObject\",\"@id\":\"https:\/\/www.iax.es\/dace\/2020\/10\/24\/edicion-de-videos-y-diseno-grafico\/#primaryimage\",\"inLanguage\":\"es\",\"url\":\"https:\/\/www.iax.es\/dace\/wp-content\/uploads\/sites\/12\/2020\/10\/youtube-4740743_1920.jpg\",\"contentUrl\":\"https:\/\/www.iax.es\/dace\/wp-content\/uploads\/sites\/12\/2020\/10\/youtube-4740743_1920.jpg\",\"width\":1920,\"height\":1280},{\"@type\":\"WebPage\",\"@id\":\"https:\/\/www.iax.es\/dace\/2020\/10\/24\/edicion-de-videos-y-diseno-grafico\/#webpage\",\"url\":\"https:\/\/www.iax.es\/dace\/2020\/10\/24\/edicion-de-videos-y-diseno-grafico\/\",\"name\":\"Edici\\u00f3n de V\\u00eddeos y Dise\\u00f1o Gr\\u00e1fico - Actividades Extraescolares del IES Alfonso X el Sabio\",\"isPartOf\":{\"@id\":\"https:\/\/www.iax.es\/dace\/#website\"},\"primaryImageOfPage\":{\"@id\":\"https:\/\/www.iax.es\/dace\/2020\/10\/24\/edicion-de-videos-y-diseno-grafico\/#primaryimage\"},\"datePublished\":\"2020-10-24T08:52:34+00:00\",\"dateModified\":\"2021-01-10T19:38:35+00:00\",\"author\":{\"@id\":\"https:\/\/www.iax.es\/dace\/#\/schema\/person\/fdc499e646b21b87a434a8db7c07e432\"},\"breadcrumb\":{\"@id\":\"https:\/\/www.iax.es\/dace\/2020\/10\/24\/edicion-de-videos-y-diseno-grafico\/#breadcrumb\"},\"inLanguage\":\"es\",\"potentialAction\":[{\"@type\":\"ReadAction\",\"target\":[\"https:\/\/www.iax.es\/dace\/2020\/10\/24\/edicion-de-videos-y-diseno-grafico\/\"]}]},{\"@type\":\"BreadcrumbList\",\"@id\":\"https:\/\/www.iax.es\/dace\/2020\/10\/24\/edicion-de-videos-y-diseno-grafico\/#breadcrumb\",\"itemListElement\":[{\"@type\":\"ListItem\",\"position\":1,\"name\":\"Portada\",\"item\":\"https:\/\/www.iax.es\/dace\/\"},{\"@type\":\"ListItem\",\"position\":2,\"name\":\"Edici\\u00f3n de V\\u00eddeos y Dise\\u00f1o Gr\\u00e1fico\"}]},{\"@type\":\"Person\",\"@id\":\"https:\/\/www.iax.es\/dace\/#\/schema\/person\/fdc499e646b21b87a434a8db7c07e432\",\"name\":\"lara\",\"image\":{\"@type\":\"ImageObject\",\"@id\":\"https:\/\/www.iax.es\/dace\/#personlogo\",\"inLanguage\":\"es\",\"url\":\"https:\/\/secure.gravatar.com\/avatar\/3749ff24c75bb25c96cf23b63930ee6d?s=96&d=mm&r=g\",\"contentUrl\":\"https:\/\/secure.gravatar.com\/avatar\/3749ff24c75bb25c96cf23b63930ee6d?s=96&d=mm&r=g\",\"caption\":\"lara\"},\"url\":\"https:\/\/www.iax.es\/dace\/author\/lara\/\"}]}<\/script>\n<!-- \/ Yoast SEO plugin. -->","_links":{"self":[{"href":"https:\/\/www.iax.es\/dace\/wp-json\/wp\/v2\/posts\/131"}],"collection":[{"href":"https:\/\/www.iax.es\/dace\/wp-json\/wp\/v2\/posts"}],"about":[{"href":"https:\/\/www.iax.es\/dace\/wp-json\/wp\/v2\/types\/post"}],"author":[{"embeddable":true,"href":"https:\/\/www.iax.es\/dace\/wp-json\/wp\/v2\/users\/9"}],"replies":[{"embeddable":true,"href":"https:\/\/www.iax.es\/dace\/wp-json\/wp\/v2\/comments?post=131"}],"version-history":[{"count":7,"href":"https:\/\/www.iax.es\/dace\/wp-json\/wp\/v2\/posts\/131\/revisions"}],"predecessor-version":[{"id":236,"href":"https:\/\/www.iax.es\/dace\/wp-json\/wp\/v2\/posts\/131\/revisions\/236"}],"wp:featuredmedia":[{"embeddable":true,"href":"https:\/\/www.iax.es\/dace\/wp-json\/wp\/v2\/media\/134"}],"wp:attachment":[{"href":"https:\/\/www.iax.es\/dace\/wp-json\/wp\/v2\/media?parent=131"}],"wp:term":[{"taxonomy":"category","embeddable":true,"href":"https:\/\/www.iax.es\/dace\/wp-json\/wp\/v2\/categories?post=131"},{"taxonomy":"post_tag","embeddable":true,"href":"https:\/\/www.iax.es\/dace\/wp-json\/wp\/v2\/tags?post=131"}],"curies":[{"name":"wp","href":"https:\/\/api.w.org\/{rel}","templated":true}]}}