{"id":15,"date":"2020-09-24T15:18:26","date_gmt":"2020-09-24T15:18:26","guid":{"rendered":"https:\/\/www.iax.es\/dace\/?p=15"},"modified":"2020-10-10T09:11:33","modified_gmt":"2020-10-10T09:11:33","slug":"visitas-virtuales-a-museos","status":"publish","type":"post","link":"https:\/\/www.iax.es\/dace\/2020\/09\/24\/visitas-virtuales-a-museos\/","title":{"rendered":"Visitas Virtuales a Museos"},"content":{"rendered":"\n<ul><li><a href=\"https:\/\/www.museothyssen.org\/thyssenmultimedia\/visitas-virtuales\" target=\"_blank\" rel=\"noreferrer noopener\" aria-label=\"Museo Thyssen-Bornemisza  Madrid  (se abre en una nueva pesta\u00f1a)\">Museo Thyssen-Bornemisza  Madrid <\/a><\/li><\/ul>\n\n\n\n<ul><li><a href=\"https:\/\/www.museoreinasofia.es\/multimedia\" target=\"_blank\" rel=\"noreferrer noopener\" aria-label=\"Museo Reina Sof\u00eda Madrid (se abre en una nueva pesta\u00f1a)\">Museo Reina Sof\u00eda Madrid<\/a><\/li><\/ul>\n\n\n\n<ul><li><a href=\"http:\/\/\/ca\/\/sales-de-la-colleccio\/index_es.html\" target=\"_blank\" rel=\"noreferrer noopener\" aria-label=\"Museo Picasso Barcelona  (se abre en una nueva pesta\u00f1a)\">Museo Picasso Barcelona <\/a><\/li><\/ul>\n\n\n\n<ul><li><a href=\"https:\/\/www.louvre.fr\/en\/visites-en-ligne?page=1\" target=\"_blank\" rel=\"noreferrer noopener\" aria-label=\"Museo del Louvre Par\u00eds  (se abre en una nueva pesta\u00f1a)\">Museo del Louvre Par\u00eds <\/a><\/li><\/ul>\n\n\n\n<ul><li><a href=\"https:\/\/www.nationalgallery.org.uk\/visiting\/virtual-tours\" target=\"_blank\" rel=\"noreferrer noopener\" aria-label=\"National Gallery Londres  (se abre en una nueva pesta\u00f1a)\">National Gallery Londres <\/a><\/li><\/ul>\n\n\n\n<ul><li><a href=\"http:\/\/www.museivaticani.va\/content\/museivaticani\/es\/collezioni\/musei\/tour-virtuali-elenco.1.html\" target=\"_blank\" rel=\"noreferrer noopener\" aria-label=\"Museos Vaticanos Roma (se abre en una nueva pesta\u00f1a)\">Museos Vaticanos Roma<\/a><\/li><\/ul>\n\n\n\n<ul><li><a href=\"https:\/\/www.virtualuffizi.com\/es\/visita-virtual.html\" target=\"_blank\" rel=\"noreferrer noopener\" aria-label=\"Galer\u00eda Uffizi Florencia  (se abre en una nueva pesta\u00f1a)\">Galer\u00eda Uffizi Florencia <\/a><\/li><\/ul>\n\n\n\n<ul><li><a href=\"https:\/\/www.museodelprado.es\/coleccion\" target=\"_blank\" rel=\"noreferrer noopener\" aria-label=\"Museo del Prado Madrid  (se abre en una nueva pesta\u00f1a)\">Museo del Prado Madrid <\/a><\/li><\/ul>\n\n\n\n<ul><li><a href=\"https:\/\/www.metmuseum.org\/art\/online-features\/met-360-project\" target=\"_blank\" rel=\"noreferrer noopener\" aria-label=\"Metropolitan Museum Nueva York  (se abre en una nueva pesta\u00f1a)\">Metropolitan Museum Nueva York <\/a><\/li><\/ul>\n\n\n\n<ul><li><a href=\"https:\/\/www.vangoghmuseum.nl\/en\/art-and-stories\/art\/vincent-van-gogh\" target=\"_blank\" rel=\"noreferrer noopener\" aria-label=\"Van Gogh Museum Amsterdam (se abre en una nueva pesta\u00f1a)\">Van Gogh Museum Amsterdam<\/a><\/li><\/ul>\n\n\n\n<ul><li><a rel=\"noreferrer noopener\" aria-label=\"Museos Educativos (se abre en una nueva pesta\u00f1a)\" href=\"https:\/\/materialeseducativos.net\/2020\/10\/08\/museos-virtuales-para-tus-clases\/\" target=\"_blank\">Museos Educativos<\/a><\/li><li><a rel=\"noreferrer noopener\" aria-label=\"Musax ( museo del instituto Alfonso X El Sabio) (se abre en una nueva pesta\u00f1a)\" href=\"https:\/\/www.youtube.com\/watch?v=FnZfJyvnR0w\" target=\"_blank\">Musax ( museo del instituto Alfonso X El Sabio)<\/a> <\/li><\/ul>\n","protected":false},"excerpt":{"rendered":"Museo Thyssen-Bornemisza Madrid Museo Reina Sof\u00eda Madrid Museo Picasso Barcelona Museo del Louvre Par\u00eds National Gallery Londres Museos Vaticanos Roma Galer\u00eda Uffizi Florencia Museo del Prado Madrid Metropolitan Museum Nueva York Van Gogh Museum Amsterdam Museos Educativos Musax ( museo del instituto Alfonso X El Sabio)","protected":false},"author":9,"featured_media":25,"comment_status":"open","ping_status":"open","sticky":false,"template":"","format":"standard","meta":[],"categories":[5],"tags":[],"yoast_head":"<!-- This site is optimized with the Yoast SEO plugin v16.6.1 - https:\/\/yoast.com\/wordpress\/plugins\/seo\/ -->\n<title>Visitas Virtuales a Museos - Actividades Extraescolares del IES Alfonso X el Sabio<\/title>\n<meta name=\"robots\" content=\"index, follow, max-snippet:-1, max-image-preview:large, max-video-preview:-1\" \/>\n<link rel=\"canonical\" href=\"https:\/\/www.iax.es\/dace\/2020\/09\/24\/visitas-virtuales-a-museos\/\" \/>\n<meta property=\"og:locale\" content=\"es_ES\" \/>\n<meta property=\"og:type\" content=\"article\" \/>\n<meta property=\"og:title\" content=\"Visitas Virtuales a Museos - Actividades Extraescolares del IES Alfonso X el Sabio\" \/>\n<meta property=\"og:description\" content=\"Museo Thyssen-Bornemisza Madrid Museo Reina Sof\u00eda Madrid Museo Picasso Barcelona Museo del Louvre Par\u00eds National Gallery Londres Museos Vaticanos Roma Galer\u00eda Uffizi Florencia Museo del Prado Madrid Metropolitan Museum Nueva York Van Gogh Museum Amsterdam Museos Educativos Musax ( museo del instituto Alfonso X El Sabio)\" \/>\n<meta property=\"og:url\" content=\"https:\/\/www.iax.es\/dace\/2020\/09\/24\/visitas-virtuales-a-museos\/\" \/>\n<meta property=\"og:site_name\" content=\"Actividades Extraescolares del IES Alfonso X el Sabio\" \/>\n<meta property=\"article:published_time\" content=\"2020-09-24T15:18:26+00:00\" \/>\n<meta property=\"article:modified_time\" content=\"2020-10-10T09:11:33+00:00\" \/>\n<meta property=\"og:image\" content=\"https:\/\/www.iax.es\/dace\/wp-content\/uploads\/sites\/12\/2020\/09\/art-3420626_1280.png\" \/>\n\t<meta property=\"og:image:width\" content=\"1280\" \/>\n\t<meta property=\"og:image:height\" content=\"1210\" \/>\n<meta name=\"twitter:card\" content=\"summary_large_image\" \/>\n<script type=\"application\/ld+json\" class=\"yoast-schema-graph\">{\"@context\":\"https:\/\/schema.org\",\"@graph\":[{\"@type\":\"WebSite\",\"@id\":\"https:\/\/www.iax.es\/dace\/#website\",\"url\":\"https:\/\/www.iax.es\/dace\/\",\"name\":\"Actividades Extraescolares del IES Alfonso X el Sabio\",\"description\":\"Otro sitio m\\u00e1s de iax_wpmu\",\"potentialAction\":[{\"@type\":\"SearchAction\",\"target\":{\"@type\":\"EntryPoint\",\"urlTemplate\":\"https:\/\/www.iax.es\/dace\/?s={search_term_string}\"},\"query-input\":\"required name=search_term_string\"}],\"inLanguage\":\"es\"},{\"@type\":\"ImageObject\",\"@id\":\"https:\/\/www.iax.es\/dace\/2020\/09\/24\/visitas-virtuales-a-museos\/#primaryimage\",\"inLanguage\":\"es\",\"url\":\"https:\/\/www.iax.es\/dace\/wp-content\/uploads\/sites\/12\/2020\/09\/art-3420626_1280.png\",\"contentUrl\":\"https:\/\/www.iax.es\/dace\/wp-content\/uploads\/sites\/12\/2020\/09\/art-3420626_1280.png\",\"width\":1280,\"height\":1210},{\"@type\":\"WebPage\",\"@id\":\"https:\/\/www.iax.es\/dace\/2020\/09\/24\/visitas-virtuales-a-museos\/#webpage\",\"url\":\"https:\/\/www.iax.es\/dace\/2020\/09\/24\/visitas-virtuales-a-museos\/\",\"name\":\"Visitas Virtuales a Museos - Actividades Extraescolares del IES Alfonso X el Sabio\",\"isPartOf\":{\"@id\":\"https:\/\/www.iax.es\/dace\/#website\"},\"primaryImageOfPage\":{\"@id\":\"https:\/\/www.iax.es\/dace\/2020\/09\/24\/visitas-virtuales-a-museos\/#primaryimage\"},\"datePublished\":\"2020-09-24T15:18:26+00:00\",\"dateModified\":\"2020-10-10T09:11:33+00:00\",\"author\":{\"@id\":\"https:\/\/www.iax.es\/dace\/#\/schema\/person\/fdc499e646b21b87a434a8db7c07e432\"},\"breadcrumb\":{\"@id\":\"https:\/\/www.iax.es\/dace\/2020\/09\/24\/visitas-virtuales-a-museos\/#breadcrumb\"},\"inLanguage\":\"es\",\"potentialAction\":[{\"@type\":\"ReadAction\",\"target\":[\"https:\/\/www.iax.es\/dace\/2020\/09\/24\/visitas-virtuales-a-museos\/\"]}]},{\"@type\":\"BreadcrumbList\",\"@id\":\"https:\/\/www.iax.es\/dace\/2020\/09\/24\/visitas-virtuales-a-museos\/#breadcrumb\",\"itemListElement\":[{\"@type\":\"ListItem\",\"position\":1,\"name\":\"Portada\",\"item\":\"https:\/\/www.iax.es\/dace\/\"},{\"@type\":\"ListItem\",\"position\":2,\"name\":\"Visitas Virtuales a Museos\"}]},{\"@type\":\"Person\",\"@id\":\"https:\/\/www.iax.es\/dace\/#\/schema\/person\/fdc499e646b21b87a434a8db7c07e432\",\"name\":\"lara\",\"image\":{\"@type\":\"ImageObject\",\"@id\":\"https:\/\/www.iax.es\/dace\/#personlogo\",\"inLanguage\":\"es\",\"url\":\"https:\/\/secure.gravatar.com\/avatar\/3749ff24c75bb25c96cf23b63930ee6d?s=96&d=mm&r=g\",\"contentUrl\":\"https:\/\/secure.gravatar.com\/avatar\/3749ff24c75bb25c96cf23b63930ee6d?s=96&d=mm&r=g\",\"caption\":\"lara\"},\"url\":\"https:\/\/www.iax.es\/dace\/author\/lara\/\"}]}<\/script>\n<!-- \/ Yoast SEO plugin. -->","_links":{"self":[{"href":"https:\/\/www.iax.es\/dace\/wp-json\/wp\/v2\/posts\/15"}],"collection":[{"href":"https:\/\/www.iax.es\/dace\/wp-json\/wp\/v2\/posts"}],"about":[{"href":"https:\/\/www.iax.es\/dace\/wp-json\/wp\/v2\/types\/post"}],"author":[{"embeddable":true,"href":"https:\/\/www.iax.es\/dace\/wp-json\/wp\/v2\/users\/9"}],"replies":[{"embeddable":true,"href":"https:\/\/www.iax.es\/dace\/wp-json\/wp\/v2\/comments?post=15"}],"version-history":[{"count":4,"href":"https:\/\/www.iax.es\/dace\/wp-json\/wp\/v2\/posts\/15\/revisions"}],"predecessor-version":[{"id":72,"href":"https:\/\/www.iax.es\/dace\/wp-json\/wp\/v2\/posts\/15\/revisions\/72"}],"wp:featuredmedia":[{"embeddable":true,"href":"https:\/\/www.iax.es\/dace\/wp-json\/wp\/v2\/media\/25"}],"wp:attachment":[{"href":"https:\/\/www.iax.es\/dace\/wp-json\/wp\/v2\/media?parent=15"}],"wp:term":[{"taxonomy":"category","embeddable":true,"href":"https:\/\/www.iax.es\/dace\/wp-json\/wp\/v2\/categories?post=15"},{"taxonomy":"post_tag","embeddable":true,"href":"https:\/\/www.iax.es\/dace\/wp-json\/wp\/v2\/tags?post=15"}],"curies":[{"name":"wp","href":"https:\/\/api.w.org\/{rel}","templated":true}]}}