{"id":215,"date":"2020-12-09T10:08:54","date_gmt":"2020-12-09T10:08:54","guid":{"rendered":"https:\/\/www.iax.es\/dace\/?p=215"},"modified":"2020-12-15T09:28:36","modified_gmt":"2020-12-15T09:28:36","slug":"celebramos-la-navidad","status":"publish","type":"post","link":"https:\/\/www.iax.es\/dace\/2020\/12\/09\/celebramos-la-navidad\/","title":{"rendered":"Celebramos la Navidad"},"content":{"rendered":"\n<p>Para despedir el primer trimestre del curso y de cara a la Navidad, proponemos la siguiente actividad. Ven al instituto con un motivo navide\u00f1o: mascarillas tuneadas, gorros navide\u00f1os o los t\u00edpicos jerseys de lana con adornos navide\u00f1os ( renos, copos de nieve, \u00e1rbol de navidad). <\/p>\n\n\n\n<p>Esta actividad se realizar\u00e1 los d\u00edas 21 y 22 de diciembre. <\/p>\n\n\n\n<p>Ponle color navide\u00f1o al final del trimestre!!! <\/p>\n","protected":false},"excerpt":{"rendered":"Para despedir el primer trimestre del curso y de cara a la Navidad, proponemos la siguiente actividad. Ven al instituto con un motivo navide\u00f1o: mascarillas tuneadas, gorros navide\u00f1os o los t\u00edpicos jerseys de lana con adornos navide\u00f1os ( renos, copos de nieve, \u00e1rbol de navidad). Esta actividad se realizar\u00e1 los d\u00edas 21 y 22 de [&hellip;]","protected":false},"author":9,"featured_media":221,"comment_status":"open","ping_status":"open","sticky":false,"template":"","format":"standard","meta":[],"categories":[11],"tags":[],"yoast_head":"<!-- This site is optimized with the Yoast SEO plugin v16.6.1 - https:\/\/yoast.com\/wordpress\/plugins\/seo\/ -->\n<title>Celebramos la Navidad - Actividades Extraescolares del IES Alfonso X el Sabio<\/title>\n<meta name=\"robots\" content=\"index, follow, max-snippet:-1, max-image-preview:large, max-video-preview:-1\" \/>\n<link rel=\"canonical\" href=\"https:\/\/www.iax.es\/dace\/2020\/12\/09\/celebramos-la-navidad\/\" \/>\n<meta property=\"og:locale\" content=\"es_ES\" \/>\n<meta property=\"og:type\" content=\"article\" \/>\n<meta property=\"og:title\" content=\"Celebramos la Navidad - Actividades Extraescolares del IES Alfonso X el Sabio\" \/>\n<meta property=\"og:description\" content=\"Para despedir el primer trimestre del curso y de cara a la Navidad, proponemos la siguiente actividad. Ven al instituto con un motivo navide\u00f1o: mascarillas tuneadas, gorros navide\u00f1os o los t\u00edpicos jerseys de lana con adornos navide\u00f1os ( renos, copos de nieve, \u00e1rbol de navidad). Esta actividad se realizar\u00e1 los d\u00edas 21 y 22 de [&hellip;]\" \/>\n<meta property=\"og:url\" content=\"https:\/\/www.iax.es\/dace\/2020\/12\/09\/celebramos-la-navidad\/\" \/>\n<meta property=\"og:site_name\" content=\"Actividades Extraescolares del IES Alfonso X el Sabio\" \/>\n<meta property=\"article:published_time\" content=\"2020-12-09T10:08:54+00:00\" \/>\n<meta property=\"article:modified_time\" content=\"2020-12-15T09:28:36+00:00\" \/>\n<meta property=\"og:image\" content=\"https:\/\/www.iax.es\/dace\/wp-content\/uploads\/sites\/12\/2020\/12\/Captura-de-pantalla-2020-12-14-a-las-20.52.53.png\" \/>\n\t<meta property=\"og:image:width\" content=\"633\" \/>\n\t<meta property=\"og:image:height\" content=\"1127\" \/>\n<meta name=\"twitter:card\" content=\"summary_large_image\" \/>\n<script type=\"application\/ld+json\" class=\"yoast-schema-graph\">{\"@context\":\"https:\/\/schema.org\",\"@graph\":[{\"@type\":\"WebSite\",\"@id\":\"https:\/\/www.iax.es\/dace\/#website\",\"url\":\"https:\/\/www.iax.es\/dace\/\",\"name\":\"Actividades Extraescolares del IES Alfonso X el Sabio\",\"description\":\"Otro sitio m\\u00e1s de iax_wpmu\",\"potentialAction\":[{\"@type\":\"SearchAction\",\"target\":{\"@type\":\"EntryPoint\",\"urlTemplate\":\"https:\/\/www.iax.es\/dace\/?s={search_term_string}\"},\"query-input\":\"required name=search_term_string\"}],\"inLanguage\":\"es\"},{\"@type\":\"ImageObject\",\"@id\":\"https:\/\/www.iax.es\/dace\/2020\/12\/09\/celebramos-la-navidad\/#primaryimage\",\"inLanguage\":\"es\",\"url\":\"https:\/\/www.iax.es\/dace\/wp-content\/uploads\/sites\/12\/2020\/12\/Captura-de-pantalla-2020-12-14-a-las-20.52.53.png\",\"contentUrl\":\"https:\/\/www.iax.es\/dace\/wp-content\/uploads\/sites\/12\/2020\/12\/Captura-de-pantalla-2020-12-14-a-las-20.52.53.png\",\"width\":633,\"height\":1127},{\"@type\":\"WebPage\",\"@id\":\"https:\/\/www.iax.es\/dace\/2020\/12\/09\/celebramos-la-navidad\/#webpage\",\"url\":\"https:\/\/www.iax.es\/dace\/2020\/12\/09\/celebramos-la-navidad\/\",\"name\":\"Celebramos la Navidad - Actividades Extraescolares del IES Alfonso X el Sabio\",\"isPartOf\":{\"@id\":\"https:\/\/www.iax.es\/dace\/#website\"},\"primaryImageOfPage\":{\"@id\":\"https:\/\/www.iax.es\/dace\/2020\/12\/09\/celebramos-la-navidad\/#primaryimage\"},\"datePublished\":\"2020-12-09T10:08:54+00:00\",\"dateModified\":\"2020-12-15T09:28:36+00:00\",\"author\":{\"@id\":\"https:\/\/www.iax.es\/dace\/#\/schema\/person\/fdc499e646b21b87a434a8db7c07e432\"},\"breadcrumb\":{\"@id\":\"https:\/\/www.iax.es\/dace\/2020\/12\/09\/celebramos-la-navidad\/#breadcrumb\"},\"inLanguage\":\"es\",\"potentialAction\":[{\"@type\":\"ReadAction\",\"target\":[\"https:\/\/www.iax.es\/dace\/2020\/12\/09\/celebramos-la-navidad\/\"]}]},{\"@type\":\"BreadcrumbList\",\"@id\":\"https:\/\/www.iax.es\/dace\/2020\/12\/09\/celebramos-la-navidad\/#breadcrumb\",\"itemListElement\":[{\"@type\":\"ListItem\",\"position\":1,\"name\":\"Portada\",\"item\":\"https:\/\/www.iax.es\/dace\/\"},{\"@type\":\"ListItem\",\"position\":2,\"name\":\"Celebramos la Navidad\"}]},{\"@type\":\"Person\",\"@id\":\"https:\/\/www.iax.es\/dace\/#\/schema\/person\/fdc499e646b21b87a434a8db7c07e432\",\"name\":\"lara\",\"image\":{\"@type\":\"ImageObject\",\"@id\":\"https:\/\/www.iax.es\/dace\/#personlogo\",\"inLanguage\":\"es\",\"url\":\"https:\/\/secure.gravatar.com\/avatar\/3749ff24c75bb25c96cf23b63930ee6d?s=96&d=mm&r=g\",\"contentUrl\":\"https:\/\/secure.gravatar.com\/avatar\/3749ff24c75bb25c96cf23b63930ee6d?s=96&d=mm&r=g\",\"caption\":\"lara\"},\"url\":\"https:\/\/www.iax.es\/dace\/author\/lara\/\"}]}<\/script>\n<!-- \/ Yoast SEO plugin. -->","_links":{"self":[{"href":"https:\/\/www.iax.es\/dace\/wp-json\/wp\/v2\/posts\/215"}],"collection":[{"href":"https:\/\/www.iax.es\/dace\/wp-json\/wp\/v2\/posts"}],"about":[{"href":"https:\/\/www.iax.es\/dace\/wp-json\/wp\/v2\/types\/post"}],"author":[{"embeddable":true,"href":"https:\/\/www.iax.es\/dace\/wp-json\/wp\/v2\/users\/9"}],"replies":[{"embeddable":true,"href":"https:\/\/www.iax.es\/dace\/wp-json\/wp\/v2\/comments?post=215"}],"version-history":[{"count":1,"href":"https:\/\/www.iax.es\/dace\/wp-json\/wp\/v2\/posts\/215\/revisions"}],"predecessor-version":[{"id":216,"href":"https:\/\/www.iax.es\/dace\/wp-json\/wp\/v2\/posts\/215\/revisions\/216"}],"wp:featuredmedia":[{"embeddable":true,"href":"https:\/\/www.iax.es\/dace\/wp-json\/wp\/v2\/media\/221"}],"wp:attachment":[{"href":"https:\/\/www.iax.es\/dace\/wp-json\/wp\/v2\/media?parent=215"}],"wp:term":[{"taxonomy":"category","embeddable":true,"href":"https:\/\/www.iax.es\/dace\/wp-json\/wp\/v2\/categories?post=215"},{"taxonomy":"post_tag","embeddable":true,"href":"https:\/\/www.iax.es\/dace\/wp-json\/wp\/v2\/tags?post=215"}],"curies":[{"name":"wp","href":"https:\/\/api.w.org\/{rel}","templated":true}]}}