{"id":79,"date":"2020-10-13T08:26:32","date_gmt":"2020-10-13T08:26:32","guid":{"rendered":"https:\/\/www.iax.es\/dace\/?p=79"},"modified":"2020-11-13T18:18:46","modified_gmt":"2020-11-13T18:18:46","slug":"halloween","status":"publish","type":"post","link":"https:\/\/www.iax.es\/dace\/2020\/10\/13\/halloween\/","title":{"rendered":"Halloween"},"content":{"rendered":"\n<p>Este a\u00f1o celebramos Halloween adapt\u00e1ndonos a la situaci\u00f3n de pandemia mundial. Por ello, lanzamos una propuesta terror\u00edfica, divertida y que fomente el uso de las medidas de protecci\u00f3n  ante la Covid-19. <\/p>\n\n\n\n<p>Te proponemos venir al instituto el jueves 29 y el viernes 30 de octubre con una mascarilla con el motivo \u00bb Halloween\u00bb. Puedes adquirirlas en numerosos comercios y plataformas de venta on-line. O ser creativo y tunear la tuya con temas relacionados con esta festividad.  <\/p>\n\n\n\n<p><strong> PHOTOCALL<\/strong>: Hazte una foto con tu mascarilla en un lugar representativo del instituto ( aula, patio,  fachada principal&#8230;) tun\u00e9ala con motivos de Halloween con cualquier app o software y s\u00fabela a tus redes sociales con el hagstag:  <\/p>\n\n\n\n<p class=\"has-text-align-center\"> <em> <strong>#<\/strong> halloweenIAX <\/em><\/p>\n\n\n\n<p>Participa y da un toque de color o de terror al instituto!!! <\/p>\n\n\n\n<figure class=\"wp-block-image size-large\"><img loading=\"lazy\" width=\"575\" height=\"1149\" src=\"https:\/\/www.iax.es\/dace\/wp-content\/uploads\/sites\/12\/2020\/10\/Captura-de-pantalla-2020-10-25-a-las-18.40.34.png\" alt=\"\" class=\"wp-image-143\" srcset=\"https:\/\/www.iax.es\/dace\/wp-content\/uploads\/sites\/12\/2020\/10\/Captura-de-pantalla-2020-10-25-a-las-18.40.34.png 575w, https:\/\/www.iax.es\/dace\/wp-content\/uploads\/sites\/12\/2020\/10\/Captura-de-pantalla-2020-10-25-a-las-18.40.34-150x300.png 150w\" sizes=\"(max-width: 575px) 100vw, 575px\" \/><\/figure>\n\n\n\n<figure class=\"wp-block-image size-large\"><img loading=\"lazy\" width=\"680\" height=\"510\" src=\"https:\/\/www.iax.es\/dace\/wp-content\/uploads\/sites\/12\/2020\/10\/IMG-20201026-WA0003-680x510.jpg\" alt=\"\" class=\"wp-image-146\" srcset=\"https:\/\/www.iax.es\/dace\/wp-content\/uploads\/sites\/12\/2020\/10\/IMG-20201026-WA0003-680x510.jpg 680w, https:\/\/www.iax.es\/dace\/wp-content\/uploads\/sites\/12\/2020\/10\/IMG-20201026-WA0003-300x225.jpg 300w, https:\/\/www.iax.es\/dace\/wp-content\/uploads\/sites\/12\/2020\/10\/IMG-20201026-WA0003-768x576.jpg 768w, https:\/\/www.iax.es\/dace\/wp-content\/uploads\/sites\/12\/2020\/10\/IMG-20201026-WA0003-1536x1152.jpg 1536w, https:\/\/www.iax.es\/dace\/wp-content\/uploads\/sites\/12\/2020\/10\/IMG-20201026-WA0003.jpg 1600w\" sizes=\"(max-width: 680px) 100vw, 680px\" \/><figcaption>El departamento de Ingl\u00e9s ya tiene listo el rinc\u00f3n m\u00e1s terror\u00edfico del instituto&#8230;.<\/figcaption><\/figure>\n","protected":false},"excerpt":{"rendered":"Este a\u00f1o celebramos Halloween adapt\u00e1ndonos a la situaci\u00f3n de pandemia mundial. Por ello, lanzamos una propuesta terror\u00edfica, divertida y que fomente el uso de las medidas de protecci\u00f3n ante la Covid-19. Te proponemos venir al instituto el jueves 29 y el viernes 30 de octubre con una mascarilla con el motivo \u00bb Halloween\u00bb. Puedes adquirirlas [&hellip;]","protected":false},"author":9,"featured_media":81,"comment_status":"open","ping_status":"open","sticky":false,"template":"","format":"standard","meta":[],"categories":[11],"tags":[],"yoast_head":"<!-- This site is optimized with the Yoast SEO plugin v16.6.1 - https:\/\/yoast.com\/wordpress\/plugins\/seo\/ -->\n<title>Halloween - Actividades Extraescolares del IES Alfonso X el Sabio<\/title>\n<meta name=\"robots\" content=\"index, follow, max-snippet:-1, max-image-preview:large, max-video-preview:-1\" \/>\n<link rel=\"canonical\" href=\"https:\/\/www.iax.es\/dace\/2020\/10\/13\/halloween\/\" \/>\n<meta property=\"og:locale\" content=\"es_ES\" \/>\n<meta property=\"og:type\" content=\"article\" \/>\n<meta property=\"og:title\" content=\"Halloween - Actividades Extraescolares del IES Alfonso X el Sabio\" \/>\n<meta property=\"og:description\" content=\"Este a\u00f1o celebramos Halloween adapt\u00e1ndonos a la situaci\u00f3n de pandemia mundial. Por ello, lanzamos una propuesta terror\u00edfica, divertida y que fomente el uso de las medidas de protecci\u00f3n ante la Covid-19. Te proponemos venir al instituto el jueves 29 y el viernes 30 de octubre con una mascarilla con el motivo \u00bb Halloween\u00bb. Puedes adquirirlas [&hellip;]\" \/>\n<meta property=\"og:url\" content=\"https:\/\/www.iax.es\/dace\/2020\/10\/13\/halloween\/\" \/>\n<meta property=\"og:site_name\" content=\"Actividades Extraescolares del IES Alfonso X el Sabio\" \/>\n<meta property=\"article:published_time\" content=\"2020-10-13T08:26:32+00:00\" \/>\n<meta property=\"article:modified_time\" content=\"2020-11-13T18:18:46+00:00\" \/>\n<meta property=\"og:image\" content=\"https:\/\/www.iax.es\/dace\/wp-content\/uploads\/sites\/12\/2020\/10\/background-1298031_1280.png\" \/>\n\t<meta property=\"og:image:width\" content=\"1280\" \/>\n\t<meta property=\"og:image:height\" content=\"658\" \/>\n<meta name=\"twitter:card\" content=\"summary_large_image\" \/>\n<meta name=\"twitter:label1\" content=\"Tiempo de lectura\" \/>\n\t<meta name=\"twitter:data1\" content=\"1 minuto\" \/>\n<script type=\"application\/ld+json\" class=\"yoast-schema-graph\">{\"@context\":\"https:\/\/schema.org\",\"@graph\":[{\"@type\":\"WebSite\",\"@id\":\"https:\/\/www.iax.es\/dace\/#website\",\"url\":\"https:\/\/www.iax.es\/dace\/\",\"name\":\"Actividades Extraescolares del IES Alfonso X el Sabio\",\"description\":\"Otro sitio m\\u00e1s de iax_wpmu\",\"potentialAction\":[{\"@type\":\"SearchAction\",\"target\":{\"@type\":\"EntryPoint\",\"urlTemplate\":\"https:\/\/www.iax.es\/dace\/?s={search_term_string}\"},\"query-input\":\"required name=search_term_string\"}],\"inLanguage\":\"es\"},{\"@type\":\"ImageObject\",\"@id\":\"https:\/\/www.iax.es\/dace\/2020\/10\/13\/halloween\/#primaryimage\",\"inLanguage\":\"es\",\"url\":\"https:\/\/www.iax.es\/dace\/wp-content\/uploads\/sites\/12\/2020\/10\/background-1298031_1280.png\",\"contentUrl\":\"https:\/\/www.iax.es\/dace\/wp-content\/uploads\/sites\/12\/2020\/10\/background-1298031_1280.png\",\"width\":1280,\"height\":658},{\"@type\":\"WebPage\",\"@id\":\"https:\/\/www.iax.es\/dace\/2020\/10\/13\/halloween\/#webpage\",\"url\":\"https:\/\/www.iax.es\/dace\/2020\/10\/13\/halloween\/\",\"name\":\"Halloween - Actividades Extraescolares del IES Alfonso X el Sabio\",\"isPartOf\":{\"@id\":\"https:\/\/www.iax.es\/dace\/#website\"},\"primaryImageOfPage\":{\"@id\":\"https:\/\/www.iax.es\/dace\/2020\/10\/13\/halloween\/#primaryimage\"},\"datePublished\":\"2020-10-13T08:26:32+00:00\",\"dateModified\":\"2020-11-13T18:18:46+00:00\",\"author\":{\"@id\":\"https:\/\/www.iax.es\/dace\/#\/schema\/person\/fdc499e646b21b87a434a8db7c07e432\"},\"breadcrumb\":{\"@id\":\"https:\/\/www.iax.es\/dace\/2020\/10\/13\/halloween\/#breadcrumb\"},\"inLanguage\":\"es\",\"potentialAction\":[{\"@type\":\"ReadAction\",\"target\":[\"https:\/\/www.iax.es\/dace\/2020\/10\/13\/halloween\/\"]}]},{\"@type\":\"BreadcrumbList\",\"@id\":\"https:\/\/www.iax.es\/dace\/2020\/10\/13\/halloween\/#breadcrumb\",\"itemListElement\":[{\"@type\":\"ListItem\",\"position\":1,\"name\":\"Portada\",\"item\":\"https:\/\/www.iax.es\/dace\/\"},{\"@type\":\"ListItem\",\"position\":2,\"name\":\"Halloween\"}]},{\"@type\":\"Person\",\"@id\":\"https:\/\/www.iax.es\/dace\/#\/schema\/person\/fdc499e646b21b87a434a8db7c07e432\",\"name\":\"lara\",\"image\":{\"@type\":\"ImageObject\",\"@id\":\"https:\/\/www.iax.es\/dace\/#personlogo\",\"inLanguage\":\"es\",\"url\":\"https:\/\/secure.gravatar.com\/avatar\/3749ff24c75bb25c96cf23b63930ee6d?s=96&d=mm&r=g\",\"contentUrl\":\"https:\/\/secure.gravatar.com\/avatar\/3749ff24c75bb25c96cf23b63930ee6d?s=96&d=mm&r=g\",\"caption\":\"lara\"},\"url\":\"https:\/\/www.iax.es\/dace\/author\/lara\/\"}]}<\/script>\n<!-- \/ Yoast SEO plugin. -->","_links":{"self":[{"href":"https:\/\/www.iax.es\/dace\/wp-json\/wp\/v2\/posts\/79"}],"collection":[{"href":"https:\/\/www.iax.es\/dace\/wp-json\/wp\/v2\/posts"}],"about":[{"href":"https:\/\/www.iax.es\/dace\/wp-json\/wp\/v2\/types\/post"}],"author":[{"embeddable":true,"href":"https:\/\/www.iax.es\/dace\/wp-json\/wp\/v2\/users\/9"}],"replies":[{"embeddable":true,"href":"https:\/\/www.iax.es\/dace\/wp-json\/wp\/v2\/comments?post=79"}],"version-history":[{"count":6,"href":"https:\/\/www.iax.es\/dace\/wp-json\/wp\/v2\/posts\/79\/revisions"}],"predecessor-version":[{"id":154,"href":"https:\/\/www.iax.es\/dace\/wp-json\/wp\/v2\/posts\/79\/revisions\/154"}],"wp:featuredmedia":[{"embeddable":true,"href":"https:\/\/www.iax.es\/dace\/wp-json\/wp\/v2\/media\/81"}],"wp:attachment":[{"href":"https:\/\/www.iax.es\/dace\/wp-json\/wp\/v2\/media?parent=79"}],"wp:term":[{"taxonomy":"category","embeddable":true,"href":"https:\/\/www.iax.es\/dace\/wp-json\/wp\/v2\/categories?post=79"},{"taxonomy":"post_tag","embeddable":true,"href":"https:\/\/www.iax.es\/dace\/wp-json\/wp\/v2\/tags?post=79"}],"curies":[{"name":"wp","href":"https:\/\/api.w.org\/{rel}","templated":true}]}}