{"id":87,"date":"2020-10-15T10:26:48","date_gmt":"2020-10-15T10:26:48","guid":{"rendered":"https:\/\/www.iax.es\/dace\/?p=87"},"modified":"2020-11-30T17:00:23","modified_gmt":"2020-11-30T17:00:23","slug":"orlas","status":"publish","type":"post","link":"https:\/\/www.iax.es\/dace\/2020\/10\/15\/orlas\/","title":{"rendered":"Orlas"},"content":{"rendered":"\n<p><strong>NOVEDADES:  La sesi\u00f3n fotogr\u00e1fica ser\u00e1 los d\u00edas 16 y 17 de noviembre, por la ma\u00f1ana. Deb\u00e9is traer la camisa blanca puesta, una corbata negra y 15\u20ac ( se paga al hacerse la foto). Venid peinados y maquillados porque no habr\u00e1 tiempo para acicalarse en el instituto. Se os ir\u00e1 llamando por grupos reducidos en vuestro aula y saldr\u00e9is a haceros la foto, volviendo a clase inmediatamente despu\u00e9s. <\/strong><\/p>\n\n\n\n<p>Este curso seguiremos el protocolo Covid-19 para la sesi\u00f3n fotogr\u00e1fica de la Orla. Necesit\u00e1is una camisa blanca con cuello y una corbata negra.  <\/p>\n\n\n\n<p>Este a\u00f1o, debido a las circunstancias de la pandemia no se har\u00e1 beca. <\/p>\n\n\n\n<p>Se proceder\u00e1 a hacer una reuni\u00f3n previa con los delegados el 29 y el 30 de octubre en el recreo en las escaleras de acceso al edificio principal. <\/p>\n","protected":false},"excerpt":{"rendered":"NOVEDADES: La sesi\u00f3n fotogr\u00e1fica ser\u00e1 los d\u00edas 16 y 17 de noviembre, por la ma\u00f1ana. Deb\u00e9is traer la camisa blanca puesta, una corbata negra y 15\u20ac ( se paga al hacerse la foto). Venid peinados y maquillados porque no habr\u00e1 tiempo para acicalarse en el instituto. Se os ir\u00e1 llamando por grupos reducidos en vuestro [&hellip;]","protected":false},"author":9,"featured_media":89,"comment_status":"open","ping_status":"open","sticky":false,"template":"","format":"standard","meta":[],"categories":[3],"tags":[],"yoast_head":"<!-- This site is optimized with the Yoast SEO plugin v16.6.1 - https:\/\/yoast.com\/wordpress\/plugins\/seo\/ -->\n<title>Orlas - Actividades Extraescolares del IES Alfonso X el Sabio<\/title>\n<meta name=\"robots\" content=\"index, follow, max-snippet:-1, max-image-preview:large, max-video-preview:-1\" \/>\n<link rel=\"canonical\" href=\"https:\/\/www.iax.es\/dace\/2020\/10\/15\/orlas\/\" \/>\n<meta property=\"og:locale\" content=\"es_ES\" \/>\n<meta property=\"og:type\" content=\"article\" \/>\n<meta property=\"og:title\" content=\"Orlas - Actividades Extraescolares del IES Alfonso X el Sabio\" \/>\n<meta property=\"og:description\" content=\"NOVEDADES: La sesi\u00f3n fotogr\u00e1fica ser\u00e1 los d\u00edas 16 y 17 de noviembre, por la ma\u00f1ana. Deb\u00e9is traer la camisa blanca puesta, una corbata negra y 15\u20ac ( se paga al hacerse la foto). Venid peinados y maquillados porque no habr\u00e1 tiempo para acicalarse en el instituto. Se os ir\u00e1 llamando por grupos reducidos en vuestro [&hellip;]\" \/>\n<meta property=\"og:url\" content=\"https:\/\/www.iax.es\/dace\/2020\/10\/15\/orlas\/\" \/>\n<meta property=\"og:site_name\" content=\"Actividades Extraescolares del IES Alfonso X el Sabio\" \/>\n<meta property=\"article:published_time\" content=\"2020-10-15T10:26:48+00:00\" \/>\n<meta property=\"article:modified_time\" content=\"2020-11-30T17:00:23+00:00\" \/>\n<meta property=\"og:image\" content=\"https:\/\/www.iax.es\/dace\/wp-content\/uploads\/sites\/12\/2020\/10\/diploma-1390785_1920.png\" \/>\n\t<meta property=\"og:image:width\" content=\"1920\" \/>\n\t<meta property=\"og:image:height\" content=\"1280\" \/>\n<meta name=\"twitter:card\" content=\"summary_large_image\" \/>\n<meta name=\"twitter:label1\" content=\"Tiempo de lectura\" \/>\n\t<meta name=\"twitter:data1\" content=\"1 minuto\" \/>\n<script type=\"application\/ld+json\" class=\"yoast-schema-graph\">{\"@context\":\"https:\/\/schema.org\",\"@graph\":[{\"@type\":\"WebSite\",\"@id\":\"https:\/\/www.iax.es\/dace\/#website\",\"url\":\"https:\/\/www.iax.es\/dace\/\",\"name\":\"Actividades Extraescolares del IES Alfonso X el Sabio\",\"description\":\"Otro sitio m\\u00e1s de iax_wpmu\",\"potentialAction\":[{\"@type\":\"SearchAction\",\"target\":{\"@type\":\"EntryPoint\",\"urlTemplate\":\"https:\/\/www.iax.es\/dace\/?s={search_term_string}\"},\"query-input\":\"required name=search_term_string\"}],\"inLanguage\":\"es\"},{\"@type\":\"ImageObject\",\"@id\":\"https:\/\/www.iax.es\/dace\/2020\/10\/15\/orlas\/#primaryimage\",\"inLanguage\":\"es\",\"url\":\"https:\/\/www.iax.es\/dace\/wp-content\/uploads\/sites\/12\/2020\/10\/diploma-1390785_1920.png\",\"contentUrl\":\"https:\/\/www.iax.es\/dace\/wp-content\/uploads\/sites\/12\/2020\/10\/diploma-1390785_1920.png\",\"width\":1920,\"height\":1280},{\"@type\":\"WebPage\",\"@id\":\"https:\/\/www.iax.es\/dace\/2020\/10\/15\/orlas\/#webpage\",\"url\":\"https:\/\/www.iax.es\/dace\/2020\/10\/15\/orlas\/\",\"name\":\"Orlas - Actividades Extraescolares del IES Alfonso X el Sabio\",\"isPartOf\":{\"@id\":\"https:\/\/www.iax.es\/dace\/#website\"},\"primaryImageOfPage\":{\"@id\":\"https:\/\/www.iax.es\/dace\/2020\/10\/15\/orlas\/#primaryimage\"},\"datePublished\":\"2020-10-15T10:26:48+00:00\",\"dateModified\":\"2020-11-30T17:00:23+00:00\",\"author\":{\"@id\":\"https:\/\/www.iax.es\/dace\/#\/schema\/person\/fdc499e646b21b87a434a8db7c07e432\"},\"breadcrumb\":{\"@id\":\"https:\/\/www.iax.es\/dace\/2020\/10\/15\/orlas\/#breadcrumb\"},\"inLanguage\":\"es\",\"potentialAction\":[{\"@type\":\"ReadAction\",\"target\":[\"https:\/\/www.iax.es\/dace\/2020\/10\/15\/orlas\/\"]}]},{\"@type\":\"BreadcrumbList\",\"@id\":\"https:\/\/www.iax.es\/dace\/2020\/10\/15\/orlas\/#breadcrumb\",\"itemListElement\":[{\"@type\":\"ListItem\",\"position\":1,\"name\":\"Portada\",\"item\":\"https:\/\/www.iax.es\/dace\/\"},{\"@type\":\"ListItem\",\"position\":2,\"name\":\"Orlas\"}]},{\"@type\":\"Person\",\"@id\":\"https:\/\/www.iax.es\/dace\/#\/schema\/person\/fdc499e646b21b87a434a8db7c07e432\",\"name\":\"lara\",\"image\":{\"@type\":\"ImageObject\",\"@id\":\"https:\/\/www.iax.es\/dace\/#personlogo\",\"inLanguage\":\"es\",\"url\":\"https:\/\/secure.gravatar.com\/avatar\/3749ff24c75bb25c96cf23b63930ee6d?s=96&d=mm&r=g\",\"contentUrl\":\"https:\/\/secure.gravatar.com\/avatar\/3749ff24c75bb25c96cf23b63930ee6d?s=96&d=mm&r=g\",\"caption\":\"lara\"},\"url\":\"https:\/\/www.iax.es\/dace\/author\/lara\/\"}]}<\/script>\n<!-- \/ Yoast SEO plugin. -->","_links":{"self":[{"href":"https:\/\/www.iax.es\/dace\/wp-json\/wp\/v2\/posts\/87"}],"collection":[{"href":"https:\/\/www.iax.es\/dace\/wp-json\/wp\/v2\/posts"}],"about":[{"href":"https:\/\/www.iax.es\/dace\/wp-json\/wp\/v2\/types\/post"}],"author":[{"embeddable":true,"href":"https:\/\/www.iax.es\/dace\/wp-json\/wp\/v2\/users\/9"}],"replies":[{"embeddable":true,"href":"https:\/\/www.iax.es\/dace\/wp-json\/wp\/v2\/comments?post=87"}],"version-history":[{"count":3,"href":"https:\/\/www.iax.es\/dace\/wp-json\/wp\/v2\/posts\/87\/revisions"}],"predecessor-version":[{"id":180,"href":"https:\/\/www.iax.es\/dace\/wp-json\/wp\/v2\/posts\/87\/revisions\/180"}],"wp:featuredmedia":[{"embeddable":true,"href":"https:\/\/www.iax.es\/dace\/wp-json\/wp\/v2\/media\/89"}],"wp:attachment":[{"href":"https:\/\/www.iax.es\/dace\/wp-json\/wp\/v2\/media?parent=87"}],"wp:term":[{"taxonomy":"category","embeddable":true,"href":"https:\/\/www.iax.es\/dace\/wp-json\/wp\/v2\/categories?post=87"},{"taxonomy":"post_tag","embeddable":true,"href":"https:\/\/www.iax.es\/dace\/wp-json\/wp\/v2\/tags?post=87"}],"curies":[{"name":"wp","href":"https:\/\/api.w.org\/{rel}","templated":true}]}}