{"id":24,"date":"2020-12-03T08:44:44","date_gmt":"2020-12-03T07:44:44","guid":{"rendered":"https:\/\/www.iax.es\/promocion-talento\/?p=24"},"modified":"2020-12-04T09:32:32","modified_gmt":"2020-12-04T08:32:32","slug":"dia-internacional-matematicas-2021","status":"publish","type":"post","link":"https:\/\/www.iax.es\/promocion-talento\/2020\/12\/03\/dia-internacional-matematicas-2021\/","title":{"rendered":"D\u00eda Internacional de las Matem\u00e1ticas 2021: Mathematics for a Better World"},"content":{"rendered":"\n<p>La 40\u00aa Conferencia General de la UNESCO proclam\u00f3 el d\u00eda 14 de marzo de cada a\u00f1o como&nbsp;<strong>D\u00eda Internacional de las Matem\u00e1ticas<\/strong>&nbsp;(40C\/ Resoluci\u00f3n 30 de 26 de noviembre de 2019). En muchos pa\u00edses, el&nbsp;<strong>14 de marzo (3\/14)<\/strong>&nbsp;ya se ven\u00eda celebrando como el&nbsp;<strong>D\u00eda de Pi<\/strong>, por lo que la resoluci\u00f3n de la UNESCO consolida el reconocimiento actual a las matem\u00e1ticas por su importante papel para hacer frente a los desaf\u00edos de nuestro tiempo en \u00e1mbitos como la inteligencia artificial, la salud, el cambio clim\u00e1tico, la energ\u00eda y el desarrollo sostenible y la mejora de la calidad de vida de la sociedad en general.<\/p>\n\n\n\n<p>En el marco de esta celebraci\u00f3n, cada a\u00f1o se propone un tema nuevo para animar a la participaci\u00f3n, despertar la creatividad y dar luz a las conexiones entre las matem\u00e1ticas y todo tipo de campos, conceptos e ideas. Para 2021 el tema es&nbsp;<strong><em>Mathematics for a Better World&nbsp;<\/em><\/strong>(Matem\u00e1ticas para un mundo mejor), que insiste en la importancia que se reconoce a las matem\u00e1ticas en la mejora de la calidad de vida, en un claro gui\u00f1o al papel que est\u00e1n desempe\u00f1ando en la actual pandemia como herramienta insustituible para el monitoreo y la comprensi\u00f3n del fen\u00f3meno COVID-19.<\/p>\n\n\n\n<p>Con la intenci\u00f3n de que participen los estudiantes de diferentes niveles educativos en esta fecha tan se\u00f1alada, CEMAT y las sociedades que la componen convocamos distintos concursos y un gran acto de entrega de premios y celebraci\u00f3n del D\u00eda Internacional de las Matem\u00e1ticas.<\/p>\n\n\n\n<p>El plazo para participar estar\u00e1 abierto hasta el <strong>20 de enero de 2021<\/strong>.<\/p>\n\n\n\n<p>Pod\u00e9is consultar toda la informaci\u00f3n en <a rel=\"noreferrer noopener\" href=\"http:\/\/www.idm314.es\/\" target=\"_blank\">www.idm314.es<\/a><\/p>\n","protected":false},"excerpt":{"rendered":"La 40\u00aa Conferencia General de la UNESCO proclam\u00f3 el d\u00eda 14 de marzo de cada a\u00f1o como&nbsp;D\u00eda Internacional de las Matem\u00e1ticas&nbsp;(40C\/ Resoluci\u00f3n 30 de 26 de noviembre de 2019). En muchos pa\u00edses, el&nbsp;14 de marzo (3\/14)&nbsp;ya se ven\u00eda celebrando como el&nbsp;D\u00eda de Pi, por lo que la resoluci\u00f3n de la UNESCO consolida el reconocimiento actual [&hellip;]","protected":false},"author":3,"featured_media":25,"comment_status":"open","ping_status":"open","sticky":false,"template":"","format":"standard","meta":[],"categories":[4,5],"tags":[],"yoast_head":"<!-- This site is optimized with the Yoast SEO plugin v16.6.1 - https:\/\/yoast.com\/wordpress\/plugins\/seo\/ -->\n<title>D\u00eda Internacional de las Matem\u00e1ticas 2021: Mathematics for a Better World - Promoci\u00f3n del talento<\/title>\n<meta name=\"robots\" content=\"index, follow, max-snippet:-1, max-image-preview:large, max-video-preview:-1\" \/>\n<link rel=\"canonical\" href=\"https:\/\/www.iax.es\/promocion-talento\/2020\/12\/03\/dia-internacional-matematicas-2021\/\" \/>\n<meta property=\"og:locale\" content=\"es_ES\" \/>\n<meta property=\"og:type\" content=\"article\" \/>\n<meta property=\"og:title\" content=\"D\u00eda Internacional de las Matem\u00e1ticas 2021: Mathematics for a Better World - Promoci\u00f3n del talento\" \/>\n<meta property=\"og:description\" content=\"La 40\u00aa Conferencia General de la UNESCO proclam\u00f3 el d\u00eda 14 de marzo de cada a\u00f1o como&nbsp;D\u00eda Internacional de las Matem\u00e1ticas&nbsp;(40C\/ Resoluci\u00f3n 30 de 26 de noviembre de 2019). En muchos pa\u00edses, el&nbsp;14 de marzo (3\/14)&nbsp;ya se ven\u00eda celebrando como el&nbsp;D\u00eda de Pi, por lo que la resoluci\u00f3n de la UNESCO consolida el reconocimiento actual [&hellip;]\" \/>\n<meta property=\"og:url\" content=\"https:\/\/www.iax.es\/promocion-talento\/2020\/12\/03\/dia-internacional-matematicas-2021\/\" \/>\n<meta property=\"og:site_name\" content=\"Promoci\u00f3n del talento\" \/>\n<meta property=\"article:published_time\" content=\"2020-12-03T07:44:44+00:00\" \/>\n<meta property=\"article:modified_time\" content=\"2020-12-04T08:32:32+00:00\" \/>\n<meta property=\"og:image\" content=\"https:\/\/www.iax.es\/promocion-talento\/wp-content\/uploads\/sites\/5\/2020\/12\/matematicas_alumna.jpg\" \/>\n\t<meta property=\"og:image:width\" content=\"1920\" \/>\n\t<meta property=\"og:image:height\" content=\"1122\" \/>\n<meta name=\"twitter:card\" content=\"summary_large_image\" \/>\n<meta name=\"twitter:label1\" content=\"Tiempo de lectura\" \/>\n\t<meta name=\"twitter:data1\" content=\"1 minuto\" \/>\n<script type=\"application\/ld+json\" class=\"yoast-schema-graph\">{\"@context\":\"https:\/\/schema.org\",\"@graph\":[{\"@type\":\"WebSite\",\"@id\":\"https:\/\/www.iax.es\/promocion-talento\/#website\",\"url\":\"https:\/\/www.iax.es\/promocion-talento\/\",\"name\":\"Promoci\\u00f3n del talento\",\"description\":\"Sitio web destinado a la promoci\\u00f3n del talento del IES Alfonso X El Sabio\",\"potentialAction\":[{\"@type\":\"SearchAction\",\"target\":{\"@type\":\"EntryPoint\",\"urlTemplate\":\"https:\/\/www.iax.es\/promocion-talento\/?s={search_term_string}\"},\"query-input\":\"required name=search_term_string\"}],\"inLanguage\":\"es\"},{\"@type\":\"ImageObject\",\"@id\":\"https:\/\/www.iax.es\/promocion-talento\/2020\/12\/03\/dia-internacional-matematicas-2021\/#primaryimage\",\"inLanguage\":\"es\",\"url\":\"https:\/\/www.iax.es\/promocion-talento\/wp-content\/uploads\/sites\/5\/2020\/12\/matematicas_alumna.jpg\",\"contentUrl\":\"https:\/\/www.iax.es\/promocion-talento\/wp-content\/uploads\/sites\/5\/2020\/12\/matematicas_alumna.jpg\",\"width\":1920,\"height\":1122},{\"@type\":\"WebPage\",\"@id\":\"https:\/\/www.iax.es\/promocion-talento\/2020\/12\/03\/dia-internacional-matematicas-2021\/#webpage\",\"url\":\"https:\/\/www.iax.es\/promocion-talento\/2020\/12\/03\/dia-internacional-matematicas-2021\/\",\"name\":\"D\\u00eda Internacional de las Matem\\u00e1ticas 2021: Mathematics for a Better World - Promoci\\u00f3n del talento\",\"isPartOf\":{\"@id\":\"https:\/\/www.iax.es\/promocion-talento\/#website\"},\"primaryImageOfPage\":{\"@id\":\"https:\/\/www.iax.es\/promocion-talento\/2020\/12\/03\/dia-internacional-matematicas-2021\/#primaryimage\"},\"datePublished\":\"2020-12-03T07:44:44+00:00\",\"dateModified\":\"2020-12-04T08:32:32+00:00\",\"author\":{\"@id\":\"https:\/\/www.iax.es\/promocion-talento\/#\/schema\/person\/0fc0ac2a24bcb916ff5ae4afe7538486\"},\"breadcrumb\":{\"@id\":\"https:\/\/www.iax.es\/promocion-talento\/2020\/12\/03\/dia-internacional-matematicas-2021\/#breadcrumb\"},\"inLanguage\":\"es\",\"potentialAction\":[{\"@type\":\"ReadAction\",\"target\":[\"https:\/\/www.iax.es\/promocion-talento\/2020\/12\/03\/dia-internacional-matematicas-2021\/\"]}]},{\"@type\":\"BreadcrumbList\",\"@id\":\"https:\/\/www.iax.es\/promocion-talento\/2020\/12\/03\/dia-internacional-matematicas-2021\/#breadcrumb\",\"itemListElement\":[{\"@type\":\"ListItem\",\"position\":1,\"name\":\"Portada\",\"item\":\"https:\/\/www.iax.es\/promocion-talento\/\"},{\"@type\":\"ListItem\",\"position\":2,\"name\":\"D\\u00eda Internacional de las Matem\\u00e1ticas 2021: Mathematics for a Better World\"}]},{\"@type\":\"Person\",\"@id\":\"https:\/\/www.iax.es\/promocion-talento\/#\/schema\/person\/0fc0ac2a24bcb916ff5ae4afe7538486\",\"name\":\"Salva\",\"image\":{\"@type\":\"ImageObject\",\"@id\":\"https:\/\/www.iax.es\/promocion-talento\/#personlogo\",\"inLanguage\":\"es\",\"url\":\"https:\/\/secure.gravatar.com\/avatar\/e20ef3a1de9acba23dd333b7a4cf100a?s=96&d=mm&r=g\",\"contentUrl\":\"https:\/\/secure.gravatar.com\/avatar\/e20ef3a1de9acba23dd333b7a4cf100a?s=96&d=mm&r=g\",\"caption\":\"Salva\"},\"url\":\"https:\/\/www.iax.es\/promocion-talento\/author\/salva\/\"}]}<\/script>\n<!-- \/ Yoast SEO plugin. -->","_links":{"self":[{"href":"https:\/\/www.iax.es\/promocion-talento\/wp-json\/wp\/v2\/posts\/24"}],"collection":[{"href":"https:\/\/www.iax.es\/promocion-talento\/wp-json\/wp\/v2\/posts"}],"about":[{"href":"https:\/\/www.iax.es\/promocion-talento\/wp-json\/wp\/v2\/types\/post"}],"author":[{"embeddable":true,"href":"https:\/\/www.iax.es\/promocion-talento\/wp-json\/wp\/v2\/users\/3"}],"replies":[{"embeddable":true,"href":"https:\/\/www.iax.es\/promocion-talento\/wp-json\/wp\/v2\/comments?post=24"}],"version-history":[{"count":2,"href":"https:\/\/www.iax.es\/promocion-talento\/wp-json\/wp\/v2\/posts\/24\/revisions"}],"predecessor-version":[{"id":31,"href":"https:\/\/www.iax.es\/promocion-talento\/wp-json\/wp\/v2\/posts\/24\/revisions\/31"}],"wp:featuredmedia":[{"embeddable":true,"href":"https:\/\/www.iax.es\/promocion-talento\/wp-json\/wp\/v2\/media\/25"}],"wp:attachment":[{"href":"https:\/\/www.iax.es\/promocion-talento\/wp-json\/wp\/v2\/media?parent=24"}],"wp:term":[{"taxonomy":"category","embeddable":true,"href":"https:\/\/www.iax.es\/promocion-talento\/wp-json\/wp\/v2\/categories?post=24"},{"taxonomy":"post_tag","embeddable":true,"href":"https:\/\/www.iax.es\/promocion-talento\/wp-json\/wp\/v2\/tags?post=24"}],"curies":[{"name":"wp","href":"https:\/\/api.w.org\/{rel}","templated":true}]}}