{"id":51,"date":"2021-11-08T10:01:41","date_gmt":"2021-11-08T09:01:41","guid":{"rendered":"https:\/\/www.iax.es\/promocion-talento\/?p=51"},"modified":"2021-11-08T10:06:27","modified_gmt":"2021-11-08T09:06:27","slug":"proyecto-ilustra-musax","status":"publish","type":"post","link":"https:\/\/www.iax.es\/promocion-talento\/2021\/11\/08\/proyecto-ilustra-musax\/","title":{"rendered":"Proyecto \u00abIlustra el MusaX\u00bb"},"content":{"rendered":"\n<p>Uno de los objetivos del programa para la promoci\u00f3n del talento es fomentar el desarrollo de la creatividad de nuestros alumnos, talento que nos diferencia y nos hace irrepetibles.<\/p>\n\n\n\n<p>Por dicho motivo os animamos a participar en el proyecto \u00abIlustra el MusaX\u00bb. Buscamos alumnos que disfruten dibujando y que nos ayuden a ilustrar las distintas salas de nuestro museo con dibujos cient\u00edficos.<\/p>\n\n\n\n<p>El <strong>dibujo cient\u00edfico<\/strong> debe transmitir informaci\u00f3n, hacer comprensibles contenidos complejos al p\u00fablico m\u00e1s amplio posible. El dibujante se somete a la narraci\u00f3n did\u00e1ctica y evita la l\u00edrica que le ofrece la t\u00e9cnica, para mostrar todos los detalles, que al espectador pueden pasar desapercibidos.<\/p>\n\n\n\n<p>Para participar debes presentar una ilustraci\u00f3n de la cabeza del ave que aparece en el c\u00f3digo QR. Puedes presentarla hasta el <strong>22 de diciembre de 2021 en el casillero n\u00ba 40<\/strong> de la sala de profesores. Incorpora nombre, apellidos y grupo en el reverso. En enero se avisar\u00e1 a los seleccionados.<\/p>\n\n\n\n<figure class=\"wp-block-image size-large\"><img loading=\"lazy\" width=\"680\" height=\"962\" src=\"https:\/\/www.iax.es\/promocion-talento\/wp-content\/uploads\/sites\/5\/2021\/11\/2021-11-08-ilustra-Musax-680x962.png\" alt=\"\" class=\"wp-image-52\" srcset=\"https:\/\/www.iax.es\/promocion-talento\/wp-content\/uploads\/sites\/5\/2021\/11\/2021-11-08-ilustra-Musax-680x962.png 680w, https:\/\/www.iax.es\/promocion-talento\/wp-content\/uploads\/sites\/5\/2021\/11\/2021-11-08-ilustra-Musax-212x300.png 212w, https:\/\/www.iax.es\/promocion-talento\/wp-content\/uploads\/sites\/5\/2021\/11\/2021-11-08-ilustra-Musax-768x1087.png 768w, https:\/\/www.iax.es\/promocion-talento\/wp-content\/uploads\/sites\/5\/2021\/11\/2021-11-08-ilustra-Musax.png 826w\" sizes=\"(max-width: 680px) 100vw, 680px\" \/><\/figure>\n","protected":false},"excerpt":{"rendered":"Uno de los objetivos del programa para la promoci\u00f3n del talento es fomentar el desarrollo de la creatividad de nuestros alumnos, talento que nos diferencia y nos hace irrepetibles. Por dicho motivo os animamos a participar en el proyecto \u00abIlustra el MusaX\u00bb. Buscamos alumnos que disfruten dibujando y que nos ayuden a ilustrar las distintas [&hellip;]","protected":false},"author":3,"featured_media":60,"comment_status":"open","ping_status":"open","sticky":false,"template":"","format":"standard","meta":[],"categories":[12,4],"tags":[],"yoast_head":"<!-- This site is optimized with the Yoast SEO plugin v16.6.1 - https:\/\/yoast.com\/wordpress\/plugins\/seo\/ -->\n<title>Proyecto &quot;Ilustra el MusaX&quot; - Promoci\u00f3n del talento<\/title>\n<meta name=\"robots\" content=\"index, follow, max-snippet:-1, max-image-preview:large, max-video-preview:-1\" \/>\n<link rel=\"canonical\" href=\"https:\/\/www.iax.es\/promocion-talento\/2021\/11\/08\/proyecto-ilustra-musax\/\" \/>\n<meta property=\"og:locale\" content=\"es_ES\" \/>\n<meta property=\"og:type\" content=\"article\" \/>\n<meta property=\"og:title\" content=\"Proyecto &quot;Ilustra el MusaX&quot; - Promoci\u00f3n del talento\" \/>\n<meta property=\"og:description\" content=\"Uno de los objetivos del programa para la promoci\u00f3n del talento es fomentar el desarrollo de la creatividad de nuestros alumnos, talento que nos diferencia y nos hace irrepetibles. Por dicho motivo os animamos a participar en el proyecto \u00abIlustra el MusaX\u00bb. Buscamos alumnos que disfruten dibujando y que nos ayuden a ilustrar las distintas [&hellip;]\" \/>\n<meta property=\"og:url\" content=\"https:\/\/www.iax.es\/promocion-talento\/2021\/11\/08\/proyecto-ilustra-musax\/\" \/>\n<meta property=\"og:site_name\" content=\"Promoci\u00f3n del talento\" \/>\n<meta property=\"article:published_time\" content=\"2021-11-08T09:01:41+00:00\" \/>\n<meta property=\"article:modified_time\" content=\"2021-11-08T09:06:27+00:00\" \/>\n<meta property=\"og:image\" content=\"https:\/\/www.iax.es\/promocion-talento\/wp-content\/uploads\/sites\/5\/2021\/11\/2021-11-08-ilustra-Musax-cab.png\" \/>\n\t<meta property=\"og:image:width\" content=\"737\" \/>\n\t<meta property=\"og:image:height\" content=\"275\" \/>\n<meta name=\"twitter:card\" content=\"summary_large_image\" \/>\n<meta name=\"twitter:label1\" content=\"Tiempo de lectura\" \/>\n\t<meta name=\"twitter:data1\" content=\"1 minuto\" \/>\n<script type=\"application\/ld+json\" class=\"yoast-schema-graph\">{\"@context\":\"https:\/\/schema.org\",\"@graph\":[{\"@type\":\"WebSite\",\"@id\":\"https:\/\/www.iax.es\/promocion-talento\/#website\",\"url\":\"https:\/\/www.iax.es\/promocion-talento\/\",\"name\":\"Promoci\\u00f3n del talento\",\"description\":\"Sitio web destinado a la promoci\\u00f3n del talento del IES Alfonso X El Sabio\",\"potentialAction\":[{\"@type\":\"SearchAction\",\"target\":{\"@type\":\"EntryPoint\",\"urlTemplate\":\"https:\/\/www.iax.es\/promocion-talento\/?s={search_term_string}\"},\"query-input\":\"required name=search_term_string\"}],\"inLanguage\":\"es\"},{\"@type\":\"ImageObject\",\"@id\":\"https:\/\/www.iax.es\/promocion-talento\/2021\/11\/08\/proyecto-ilustra-musax\/#primaryimage\",\"inLanguage\":\"es\",\"url\":\"https:\/\/www.iax.es\/promocion-talento\/wp-content\/uploads\/sites\/5\/2021\/11\/2021-11-08-ilustra-Musax-cab.png\",\"contentUrl\":\"https:\/\/www.iax.es\/promocion-talento\/wp-content\/uploads\/sites\/5\/2021\/11\/2021-11-08-ilustra-Musax-cab.png\",\"width\":737,\"height\":275},{\"@type\":\"WebPage\",\"@id\":\"https:\/\/www.iax.es\/promocion-talento\/2021\/11\/08\/proyecto-ilustra-musax\/#webpage\",\"url\":\"https:\/\/www.iax.es\/promocion-talento\/2021\/11\/08\/proyecto-ilustra-musax\/\",\"name\":\"Proyecto \\\"Ilustra el MusaX\\\" - Promoci\\u00f3n del talento\",\"isPartOf\":{\"@id\":\"https:\/\/www.iax.es\/promocion-talento\/#website\"},\"primaryImageOfPage\":{\"@id\":\"https:\/\/www.iax.es\/promocion-talento\/2021\/11\/08\/proyecto-ilustra-musax\/#primaryimage\"},\"datePublished\":\"2021-11-08T09:01:41+00:00\",\"dateModified\":\"2021-11-08T09:06:27+00:00\",\"author\":{\"@id\":\"https:\/\/www.iax.es\/promocion-talento\/#\/schema\/person\/0fc0ac2a24bcb916ff5ae4afe7538486\"},\"breadcrumb\":{\"@id\":\"https:\/\/www.iax.es\/promocion-talento\/2021\/11\/08\/proyecto-ilustra-musax\/#breadcrumb\"},\"inLanguage\":\"es\",\"potentialAction\":[{\"@type\":\"ReadAction\",\"target\":[\"https:\/\/www.iax.es\/promocion-talento\/2021\/11\/08\/proyecto-ilustra-musax\/\"]}]},{\"@type\":\"BreadcrumbList\",\"@id\":\"https:\/\/www.iax.es\/promocion-talento\/2021\/11\/08\/proyecto-ilustra-musax\/#breadcrumb\",\"itemListElement\":[{\"@type\":\"ListItem\",\"position\":1,\"name\":\"Portada\",\"item\":\"https:\/\/www.iax.es\/promocion-talento\/\"},{\"@type\":\"ListItem\",\"position\":2,\"name\":\"Proyecto \\u00abIlustra el MusaX\\u00bb\"}]},{\"@type\":\"Person\",\"@id\":\"https:\/\/www.iax.es\/promocion-talento\/#\/schema\/person\/0fc0ac2a24bcb916ff5ae4afe7538486\",\"name\":\"Salva\",\"image\":{\"@type\":\"ImageObject\",\"@id\":\"https:\/\/www.iax.es\/promocion-talento\/#personlogo\",\"inLanguage\":\"es\",\"url\":\"https:\/\/secure.gravatar.com\/avatar\/e20ef3a1de9acba23dd333b7a4cf100a?s=96&d=mm&r=g\",\"contentUrl\":\"https:\/\/secure.gravatar.com\/avatar\/e20ef3a1de9acba23dd333b7a4cf100a?s=96&d=mm&r=g\",\"caption\":\"Salva\"},\"url\":\"https:\/\/www.iax.es\/promocion-talento\/author\/salva\/\"}]}<\/script>\n<!-- \/ Yoast SEO plugin. -->","_links":{"self":[{"href":"https:\/\/www.iax.es\/promocion-talento\/wp-json\/wp\/v2\/posts\/51"}],"collection":[{"href":"https:\/\/www.iax.es\/promocion-talento\/wp-json\/wp\/v2\/posts"}],"about":[{"href":"https:\/\/www.iax.es\/promocion-talento\/wp-json\/wp\/v2\/types\/post"}],"author":[{"embeddable":true,"href":"https:\/\/www.iax.es\/promocion-talento\/wp-json\/wp\/v2\/users\/3"}],"replies":[{"embeddable":true,"href":"https:\/\/www.iax.es\/promocion-talento\/wp-json\/wp\/v2\/comments?post=51"}],"version-history":[{"count":2,"href":"https:\/\/www.iax.es\/promocion-talento\/wp-json\/wp\/v2\/posts\/51\/revisions"}],"predecessor-version":[{"id":62,"href":"https:\/\/www.iax.es\/promocion-talento\/wp-json\/wp\/v2\/posts\/51\/revisions\/62"}],"wp:featuredmedia":[{"embeddable":true,"href":"https:\/\/www.iax.es\/promocion-talento\/wp-json\/wp\/v2\/media\/60"}],"wp:attachment":[{"href":"https:\/\/www.iax.es\/promocion-talento\/wp-json\/wp\/v2\/media?parent=51"}],"wp:term":[{"taxonomy":"category","embeddable":true,"href":"https:\/\/www.iax.es\/promocion-talento\/wp-json\/wp\/v2\/categories?post=51"},{"taxonomy":"post_tag","embeddable":true,"href":"https:\/\/www.iax.es\/promocion-talento\/wp-json\/wp\/v2\/tags?post=51"}],"curies":[{"name":"wp","href":"https:\/\/api.w.org\/{rel}","templated":true}]}}