{"id":74,"date":"2021-11-19T09:04:27","date_gmt":"2021-11-19T08:04:27","guid":{"rendered":"https:\/\/www.iax.es\/promocion-talento\/?p=74"},"modified":"2021-11-19T09:06:18","modified_gmt":"2021-11-19T08:06:18","slug":"concurso-fotografia-biologica","status":"publish","type":"post","link":"https:\/\/www.iax.es\/promocion-talento\/2021\/11\/19\/concurso-fotografia-biologica\/","title":{"rendered":"XXXV Concurso de Fotograf\u00eda Biol\u00f3gica"},"content":{"rendered":"\n<p>Una de las actividades programadas con motivo de la XXXV Semana de Biolog\u00eda organizada por la Facultad de Biolog\u00eda de la Universidad de Murcia es el <strong>Concurso de Fotograf\u00eda Biol\u00f3gica<\/strong>.<\/p>\n\n\n\n<p>En esta edici\u00f3n las fotograf\u00edas deber\u00e1n estar relacionadas con la \u201c<strong>DEGRADACI\u00d3N Y RESTAURACI\u00d3N AMBIENTAL: LAS DOS CARAS DE UNA MISMA MONEDA<\/strong>\u201d.<\/p>\n\n\n\n<p>En este concurso podr\u00e1 participar cualquier persona interesada. Las im\u00e1genes se enviar\u00e1n como adjunto por correo electr\u00f3nico a biologia@um.es, indicando en el asunto \u00abXXXV Concurso de Fotograf\u00eda Biol\u00f3gica\u00bb, e incluyendo en el mensaje los datos del autor o autora: nombre, DNI, domicilio y tel\u00e9fono de contacto.<\/p>\n\n\n\n<p>El plazo de presentaci\u00f3n terminar\u00e1 el <strong>viernes 17 de diciembre<\/strong> de 2021 a las 14:00 horas.<\/p>\n\n\n\n<p>Para m\u00e1s informaci\u00f3n, consultar las bases del concurso:<\/p>\n\n\n\n<div class=\"wp-block-buttons is-content-justification-center\">\n<div class=\"wp-block-button is-style-fill\"><a class=\"wp-block-button__link has-black-color has-vivid-green-cyan-background-color has-text-color has-background\" href=\"https:\/\/www.um.es\/documents\/119572\/24832817\/Bases+concurso+fotograf%C3%ADa+21-22.pdf\/200234ac-5f8b-1814-fa3e-cacd2aefe9d3?t=1635331598977\" target=\"_blank\" rel=\"noreferrer noopener\">Bases del Concurso de Fotograf\u00eda Biol\u00f3gica<\/a><\/div>\n<\/div>\n\n\n\n<p><\/p>\n","protected":false},"excerpt":{"rendered":"Una de las actividades programadas con motivo de la XXXV Semana de Biolog\u00eda organizada por la Facultad de Biolog\u00eda de la Universidad de Murcia es el Concurso de Fotograf\u00eda Biol\u00f3gica. En esta edici\u00f3n las fotograf\u00edas deber\u00e1n estar relacionadas con la \u201cDEGRADACI\u00d3N Y RESTAURACI\u00d3N AMBIENTAL: LAS DOS CARAS DE UNA MISMA MONEDA\u201d. En este concurso podr\u00e1 [&hellip;]","protected":false},"author":3,"featured_media":75,"comment_status":"open","ping_status":"open","sticky":false,"template":"","format":"standard","meta":[],"categories":[14,4],"tags":[],"yoast_head":"<!-- This site is optimized with the Yoast SEO plugin v16.6.1 - https:\/\/yoast.com\/wordpress\/plugins\/seo\/ -->\n<title>XXXV Concurso de Fotograf\u00eda Biol\u00f3gica - Promoci\u00f3n del talento<\/title>\n<meta name=\"robots\" content=\"index, follow, max-snippet:-1, max-image-preview:large, max-video-preview:-1\" \/>\n<link rel=\"canonical\" href=\"https:\/\/www.iax.es\/promocion-talento\/2021\/11\/19\/concurso-fotografia-biologica\/\" \/>\n<meta property=\"og:locale\" content=\"es_ES\" \/>\n<meta property=\"og:type\" content=\"article\" \/>\n<meta property=\"og:title\" content=\"XXXV Concurso de Fotograf\u00eda Biol\u00f3gica - Promoci\u00f3n del talento\" \/>\n<meta property=\"og:description\" content=\"Una de las actividades programadas con motivo de la XXXV Semana de Biolog\u00eda organizada por la Facultad de Biolog\u00eda de la Universidad de Murcia es el Concurso de Fotograf\u00eda Biol\u00f3gica. En esta edici\u00f3n las fotograf\u00edas deber\u00e1n estar relacionadas con la \u201cDEGRADACI\u00d3N Y RESTAURACI\u00d3N AMBIENTAL: LAS DOS CARAS DE UNA MISMA MONEDA\u201d. En este concurso podr\u00e1 [&hellip;]\" \/>\n<meta property=\"og:url\" content=\"https:\/\/www.iax.es\/promocion-talento\/2021\/11\/19\/concurso-fotografia-biologica\/\" \/>\n<meta property=\"og:site_name\" content=\"Promoci\u00f3n del talento\" \/>\n<meta property=\"article:published_time\" content=\"2021-11-19T08:04:27+00:00\" \/>\n<meta property=\"article:modified_time\" content=\"2021-11-19T08:06:18+00:00\" \/>\n<meta property=\"og:image\" content=\"https:\/\/www.iax.es\/promocion-talento\/wp-content\/uploads\/sites\/5\/2021\/11\/Cartel-XXXIV-semana-biologia.jpg\" \/>\n\t<meta property=\"og:image:width\" content=\"476\" \/>\n\t<meta property=\"og:image:height\" content=\"667\" \/>\n<meta name=\"twitter:card\" content=\"summary_large_image\" \/>\n<meta name=\"twitter:label1\" content=\"Tiempo de lectura\" \/>\n\t<meta name=\"twitter:data1\" content=\"1 minuto\" \/>\n<script type=\"application\/ld+json\" class=\"yoast-schema-graph\">{\"@context\":\"https:\/\/schema.org\",\"@graph\":[{\"@type\":\"WebSite\",\"@id\":\"https:\/\/www.iax.es\/promocion-talento\/#website\",\"url\":\"https:\/\/www.iax.es\/promocion-talento\/\",\"name\":\"Promoci\\u00f3n del talento\",\"description\":\"Sitio web destinado a la promoci\\u00f3n del talento del IES Alfonso X El Sabio\",\"potentialAction\":[{\"@type\":\"SearchAction\",\"target\":{\"@type\":\"EntryPoint\",\"urlTemplate\":\"https:\/\/www.iax.es\/promocion-talento\/?s={search_term_string}\"},\"query-input\":\"required name=search_term_string\"}],\"inLanguage\":\"es\"},{\"@type\":\"ImageObject\",\"@id\":\"https:\/\/www.iax.es\/promocion-talento\/2021\/11\/19\/concurso-fotografia-biologica\/#primaryimage\",\"inLanguage\":\"es\",\"url\":\"https:\/\/www.iax.es\/promocion-talento\/wp-content\/uploads\/sites\/5\/2021\/11\/Cartel-XXXIV-semana-biologia.jpg\",\"contentUrl\":\"https:\/\/www.iax.es\/promocion-talento\/wp-content\/uploads\/sites\/5\/2021\/11\/Cartel-XXXIV-semana-biologia.jpg\",\"width\":476,\"height\":667},{\"@type\":\"WebPage\",\"@id\":\"https:\/\/www.iax.es\/promocion-talento\/2021\/11\/19\/concurso-fotografia-biologica\/#webpage\",\"url\":\"https:\/\/www.iax.es\/promocion-talento\/2021\/11\/19\/concurso-fotografia-biologica\/\",\"name\":\"XXXV Concurso de Fotograf\\u00eda Biol\\u00f3gica - Promoci\\u00f3n del talento\",\"isPartOf\":{\"@id\":\"https:\/\/www.iax.es\/promocion-talento\/#website\"},\"primaryImageOfPage\":{\"@id\":\"https:\/\/www.iax.es\/promocion-talento\/2021\/11\/19\/concurso-fotografia-biologica\/#primaryimage\"},\"datePublished\":\"2021-11-19T08:04:27+00:00\",\"dateModified\":\"2021-11-19T08:06:18+00:00\",\"author\":{\"@id\":\"https:\/\/www.iax.es\/promocion-talento\/#\/schema\/person\/0fc0ac2a24bcb916ff5ae4afe7538486\"},\"breadcrumb\":{\"@id\":\"https:\/\/www.iax.es\/promocion-talento\/2021\/11\/19\/concurso-fotografia-biologica\/#breadcrumb\"},\"inLanguage\":\"es\",\"potentialAction\":[{\"@type\":\"ReadAction\",\"target\":[\"https:\/\/www.iax.es\/promocion-talento\/2021\/11\/19\/concurso-fotografia-biologica\/\"]}]},{\"@type\":\"BreadcrumbList\",\"@id\":\"https:\/\/www.iax.es\/promocion-talento\/2021\/11\/19\/concurso-fotografia-biologica\/#breadcrumb\",\"itemListElement\":[{\"@type\":\"ListItem\",\"position\":1,\"name\":\"Portada\",\"item\":\"https:\/\/www.iax.es\/promocion-talento\/\"},{\"@type\":\"ListItem\",\"position\":2,\"name\":\"XXXV Concurso de Fotograf\\u00eda Biol\\u00f3gica\"}]},{\"@type\":\"Person\",\"@id\":\"https:\/\/www.iax.es\/promocion-talento\/#\/schema\/person\/0fc0ac2a24bcb916ff5ae4afe7538486\",\"name\":\"Salva\",\"image\":{\"@type\":\"ImageObject\",\"@id\":\"https:\/\/www.iax.es\/promocion-talento\/#personlogo\",\"inLanguage\":\"es\",\"url\":\"https:\/\/secure.gravatar.com\/avatar\/e20ef3a1de9acba23dd333b7a4cf100a?s=96&d=mm&r=g\",\"contentUrl\":\"https:\/\/secure.gravatar.com\/avatar\/e20ef3a1de9acba23dd333b7a4cf100a?s=96&d=mm&r=g\",\"caption\":\"Salva\"},\"url\":\"https:\/\/www.iax.es\/promocion-talento\/author\/salva\/\"}]}<\/script>\n<!-- \/ Yoast SEO plugin. -->","_links":{"self":[{"href":"https:\/\/www.iax.es\/promocion-talento\/wp-json\/wp\/v2\/posts\/74"}],"collection":[{"href":"https:\/\/www.iax.es\/promocion-talento\/wp-json\/wp\/v2\/posts"}],"about":[{"href":"https:\/\/www.iax.es\/promocion-talento\/wp-json\/wp\/v2\/types\/post"}],"author":[{"embeddable":true,"href":"https:\/\/www.iax.es\/promocion-talento\/wp-json\/wp\/v2\/users\/3"}],"replies":[{"embeddable":true,"href":"https:\/\/www.iax.es\/promocion-talento\/wp-json\/wp\/v2\/comments?post=74"}],"version-history":[{"count":3,"href":"https:\/\/www.iax.es\/promocion-talento\/wp-json\/wp\/v2\/posts\/74\/revisions"}],"predecessor-version":[{"id":78,"href":"https:\/\/www.iax.es\/promocion-talento\/wp-json\/wp\/v2\/posts\/74\/revisions\/78"}],"wp:featuredmedia":[{"embeddable":true,"href":"https:\/\/www.iax.es\/promocion-talento\/wp-json\/wp\/v2\/media\/75"}],"wp:attachment":[{"href":"https:\/\/www.iax.es\/promocion-talento\/wp-json\/wp\/v2\/media?parent=74"}],"wp:term":[{"taxonomy":"category","embeddable":true,"href":"https:\/\/www.iax.es\/promocion-talento\/wp-json\/wp\/v2\/categories?post=74"},{"taxonomy":"post_tag","embeddable":true,"href":"https:\/\/www.iax.es\/promocion-talento\/wp-json\/wp\/v2\/tags?post=74"}],"curies":[{"name":"wp","href":"https:\/\/api.w.org\/{rel}","templated":true}]}}